{"id":168645,"date":"2014-06-30T16:52:23","date_gmt":"2014-06-30T13:52:23","guid":{"rendered":"http:\/\/www.nationalturk.com\/?p=168645"},"modified":"2014-06-30T16:52:23","modified_gmt":"2014-06-30T13:52:23","slug":"kate-moss-naomi-campbell-ibiza-tatil-168645","status":"publish","type":"post","link":"https:\/\/www.nationalturk.com\/tr\/kate-moss-naomi-campbell-ibiza-tatil-168645\/","title":{"rendered":"Kate Moss ve Naomi Campbell \u0130biza &#8216;da beraber tatil yap\u0131yor"},"content":{"rendered":"<p><img loading=\"lazy\" decoding=\"async\" class=\"alignnone size-full wp-image-168646\" alt=\"Kate Moss Naomi Campbell\" src=\"http:\/\/www.nationalturk.com\/tr\/wp-content\/uploads\/2014\/06\/kate_moss_naomi_ibiza_tatili.jpg\" width=\"610\" height=\"445\" title=\"\" srcset=\"https:\/\/www.nationalturk.com\/tr\/wp-content\/uploads\/2014\/06\/kate_moss_naomi_ibiza_tatili.jpg 610w, https:\/\/www.nationalturk.com\/tr\/wp-content\/uploads\/2014\/06\/kate_moss_naomi_ibiza_tatili-280x204.jpg 280w, https:\/\/www.nationalturk.com\/tr\/wp-content\/uploads\/2014\/06\/kate_moss_naomi_ibiza_tatili-548x400.jpg 548w\" sizes=\"auto, (max-width: 610px) 100vw, 610px\" \/><\/p>\n<h1>D\u00fcnyan\u0131n en \u00e7ok kazanan modellerinden Kate Moss ve Naomi Campbell yo\u011fun ge\u00e7en senenin ard\u0131ndan solu\u011fu \u0130biza&#8217;da ald\u0131. Kate Moss ve Naomi Campbell <a href=\"http:\/\/www.wts.com.tr\/ispanya-ibiza-turlari.htm\" target=\"_blank\" rel=\"noopener\">\u0130biza tatili<\/a> ile stres att\u0131.<\/h1>\n<p>44 ya\u015f\u0131ndaki Naomi Campbell ile 40 ya\u015f\u0131ndaki Kate Moss\u00a0yo\u011fun ge\u00e7en senenin \u00fczerine solu\u011fu <a href=\"http:\/\/www.wts.com.tr\/ispanya-ibiza-turlari.htm\" target=\"_blank\" rel=\"noopener\">\u0130biza<\/a>\u2019daki Cala Bassa sahilinde ald\u0131. Tatil i\u00e7in ayn\u0131 yeri se\u00e7en model arkada\u015flar, havuzdan e\u011flenceli karelerini de Instagram\u2019a y\u00fcklemeyi ihmal etmedi.<\/p>\n<p>Kate Moss ve Naomi Campbell Dolce Gabbana marka bikinileriyle dikkat \u00e7ekti. Kate Moss Naomi Campbell ikilisi \u00f6zel bir \u00e7ekimden arta kalan zamanlarda denize girip g\u00fcne\u015flenerek Ibiza&#8217;n\u0131n keyfini \u00e7\u0131kard\u0131. Sahilde bikinisiyle objektiflere tak\u0131lan Kate Moss&#8217;un kar\u0131n b\u00f6lgesindeki fazla kilolar da dikkatlerden ka\u00e7mad\u0131. \u00a0Kate\u00a0Moss&#8217;u kocas\u0131 Jamie Hince de Ibiza&#8217;da yaln\u0131z b\u0131rakmad\u0131.<\/p>\n<!-- Error, Advert is not available at this time due to schedule\/geolocation restrictions! -->\n","protected":false},"excerpt":{"rendered":"<p>D\u00fcnyan\u0131n en \u00e7ok kazanan modellerinden Kate Moss ve Naomi Campbell yo\u011fun ge\u00e7en senenin ard\u0131ndan solu\u011fu \u0130biza&#8217;da ald\u0131. Kate Moss ve Naomi Campbell \u0130biza tatili ile stres att\u0131.<\/p>\n","protected":false},"author":4,"featured_media":168646,"comment_status":"open","ping_status":"open","sticky":false,"template":"","format":"standard","meta":{"_acf_changed":false,"footnotes":""},"categories":[6770,6665,6232,5005],"tags":[130923,9066,166107,2479,2764],"class_list":["post-168645","post","type-post","status-publish","format-standard","has-post-thumbnail","hentry","category-avrupa","category-dunya","category-magazin","category-manset","tag-ibiza-tatili","tag-kate-moss","tag-kate-moss-ibiza","tag-naomi-campbell","tag-wts"],"acf":[],"_links":{"self":[{"href":"https:\/\/www.nationalturk.com\/tr\/wp-json\/wp\/v2\/posts\/168645","targetHints":{"allow":["GET"]}}],"collection":[{"href":"https:\/\/www.nationalturk.com\/tr\/wp-json\/wp\/v2\/posts"}],"about":[{"href":"https:\/\/www.nationalturk.com\/tr\/wp-json\/wp\/v2\/types\/post"}],"author":[{"embeddable":true,"href":"https:\/\/www.nationalturk.com\/tr\/wp-json\/wp\/v2\/users\/4"}],"replies":[{"embeddable":true,"href":"https:\/\/www.nationalturk.com\/tr\/wp-json\/wp\/v2\/comments?post=168645"}],"version-history":[{"count":0,"href":"https:\/\/www.nationalturk.com\/tr\/wp-json\/wp\/v2\/posts\/168645\/revisions"}],"wp:featuredmedia":[{"embeddable":true,"href":"https:\/\/www.nationalturk.com\/tr\/wp-json\/wp\/v2\/media\/168646"}],"wp:attachment":[{"href":"https:\/\/www.nationalturk.com\/tr\/wp-json\/wp\/v2\/media?parent=168645"}],"wp:term":[{"taxonomy":"category","embeddable":true,"href":"https:\/\/www.nationalturk.com\/tr\/wp-json\/wp\/v2\/categories?post=168645"},{"taxonomy":"post_tag","embeddable":true,"href":"https:\/\/www.nationalturk.com\/tr\/wp-json\/wp\/v2\/tags?post=168645"}],"curies":[{"name":"wp","href":"https:\/\/api.w.org\/{rel}","templated":true}]}}