{"id":168675,"date":"2014-07-01T10:15:12","date_gmt":"2014-07-01T07:15:12","guid":{"rendered":"http:\/\/www.nationalturk.com\/?p=168675"},"modified":"2014-07-01T10:45:29","modified_gmt":"2014-07-01T07:45:29","slug":"nicolas-sarkozy-gozaltina-alindi-168675","status":"publish","type":"post","link":"https:\/\/www.nationalturk.com\/tr\/nicolas-sarkozy-gozaltina-alindi-168675\/","title":{"rendered":"Nicolas Sarkozy g\u00f6zalt\u0131na al\u0131nd\u0131!"},"content":{"rendered":"<p><img loading=\"lazy\" decoding=\"async\" class=\"alignnone size-full wp-image-168676\" alt=\"Sarkozy g\u00f6zalt\u0131\" src=\"http:\/\/www.nationalturk.com\/tr\/wp-content\/uploads\/2014\/07\/sarkozy_gozalti.jpg\" width=\"610\" height=\"351\" title=\"\" srcset=\"https:\/\/www.nationalturk.com\/tr\/wp-content\/uploads\/2014\/07\/sarkozy_gozalti.jpg 610w, https:\/\/www.nationalturk.com\/tr\/wp-content\/uploads\/2014\/07\/sarkozy_gozalti-280x161.jpg 280w\" sizes=\"auto, (max-width: 610px) 100vw, 610px\" \/><\/p>\n<h1><a href=\"http:\/\/www.wts.com.tr\/hot_Fransa.htm\" target=\"_blank\" rel=\"noopener\">Fransa<\/a> eski Cumhurba\u015fkan\u0131 Nicolas Sarkozy g\u00f6zalt\u0131na al\u0131nd\u0131. D\u00fcn de avukat\u0131 g\u00f6zalt\u0131na al\u0131nan Sarkozy gizli adli incelemeyi ihlal etme su\u00e7lamas\u0131yla kar\u015f\u0131 kar\u015f\u0131ya!<\/h1>\n<p>Nicolas Sarkozy, gizli adli incelemeyi ihlal etmekle ilgili soru\u015fturma kapsam\u0131nda g\u00f6zalt\u0131na al\u0131nd\u0131.\u00a0Sarkozy&#8217;nin avukat\u0131 d\u00fcn, Sarkozy hakk\u0131nda y\u00fcr\u00fct\u00fclen yolsuzluk davas\u0131yla ilgili bilgi almak su\u00e7lamas\u0131yla g\u00f6zalt\u0131na al\u0131nm\u0131\u015ft\u0131.\u00a0Bu g\u00f6zalt\u0131n\u0131n 2017 y\u0131l\u0131nda yeniden cumhurba\u015fkan\u0131 aday\u0131 olmas\u0131 beklenen Sarkozy&#8217;nin siyasi gelece\u011fine \u00f6nemli darbe vuraca\u011f\u0131 belirtiliyor.<\/p>\n<p>Fransa&#8217;da eski cumhurba\u015fkan\u0131 Nicolas Sarkozy\u2019nin, &#8220;gizli adli soru\u015fturmay\u0131 ihlal etmek&#8221; su\u00e7lamas\u0131yla g\u00f6zalt\u0131na al\u0131nmas\u0131 siyaset d\u00fcnyas\u0131nda deprem etkisi yaratt\u0131.<\/p>\n<p>Son cumhurba\u015fkanl\u0131\u011f\u0131 se\u00e7imlerinin ard\u0131ndan siyaseti b\u0131rakt\u0131\u011f\u0131n\u0131 a\u00e7\u0131klayan Sarkozy\u2019nin merkez sa\u011fdaki liderlik krizinin ard\u0131ndan tekrar politika sahnesine d\u00f6nmesi bekleniyordu. G\u00f6zalt\u0131na al\u0131nmas\u0131, Sarkozy\u2019nin siyasete d\u00f6n\u00fc\u015f hayallerine darbe vurabilir.<\/p>\n<p>Sarkozy, son d\u00f6nemde yapt\u0131\u011f\u0131 \u00fcst\u00fc kapal\u0131 a\u00e7\u0131klamalarda, tekrar siyasete d\u00f6nece\u011fi ve merkez sa\u011f partinin ba\u015f\u0131na ge\u00e7ece\u011fi mesaj\u0131n\u0131 veriyordu.<\/p>\n<p>Sarkozy\u2019nin siyaseti b\u0131rakmas\u0131n\u0131n ard\u0131ndan merkez sa\u011fdaki liderlik yar\u0131\u015f\u0131n\u0131 \u015faibeli bir se\u00e7imin ard\u0131ndan kazanan Francois Cope, partiyle ilgili bir yolsuzluk davas\u0131n\u0131n ard\u0131ndan ge\u00e7en ay istifa etmek zorunda kalm\u0131\u015ft\u0131. Sarkozy\u2019nin kurdu\u011fu Halk Hareketi Birli\u011fi, \u015fu anda gelecek liderlik se\u00e7ime kadar, partinin a\u011f\u0131r toplar\u0131 Alain Juppe, Fran\u00e7ois Fillon ve Jean Pierre Raffarin taraf\u0131ndan olu\u015fturulan &#8220;troyka&#8221; ile y\u00f6netiliyor.<\/p>\n<p>Nicolas Sarkozy, son d\u00f6nemde hakk\u0131nda a\u00e7\u0131lan soru\u015fturmalar\u0131n siyasi ama\u00e7l\u0131 oldu\u011funu dile getirmi\u015fti.<\/p>\n<p>Fransa&#8217;n\u0131n eski Cumhurba\u015fkan\u0131, son olarak mart ay\u0131nda Le Figaro gazetesine yazd\u0131\u011f\u0131 makalede, Sosyalist iktidar\u0131 yarg\u0131y\u0131 kendi aleyhinde etkilemekle su\u00e7lam\u0131\u015ft\u0131. Sarkozy, yarg\u0131 ve polisin eski Do\u011fu Almanya d\u00f6nemindeki gizli servis &#8220;Stasi&#8221; gibi \u00e7al\u0131\u015ft\u0131\u011f\u0131 iddias\u0131nda bulunmu\u015ftu.<\/p>\n<!-- Error, Advert is not available at this time due to schedule\/geolocation restrictions! -->\n","protected":false},"excerpt":{"rendered":"<p>Sarkozy g\u00f6zalt\u0131na al\u0131nd\u0131! Fransa eski Cumhurba\u015fkan\u0131 Nicolas Sarkozy g\u00f6zalt\u0131na al\u0131nd\u0131. D\u00fcn de avukat\u0131 g\u00f6zalt\u0131na al\u0131nan Sarkozy gizli adli incelemeyi ihlal etme su\u00e7lamas\u0131yla kar\u015f\u0131 kar\u015f\u0131ya!<\/p>\n","protected":false},"author":4,"featured_media":168676,"comment_status":"open","ping_status":"open","sticky":false,"template":"","format":"standard","meta":{"_acf_changed":false,"footnotes":""},"categories":[6770,6665,6155,5005,6202,349],"tags":[17,139635,166149,166063,166062,7546,166148,12,166064,166147,166146],"class_list":["post-168675","post","type-post","status-publish","format-standard","has-post-thumbnail","hentry","category-avrupa","category-dunya","category-gundem","category-manset","category-politika","category-son-dakika","tag-fransa","tag-fransa-operasyon","tag-fransa-son-dakika","tag-gilbert-azibert","tag-gizli-adli-sorusturmayi-ihlal-etmek","tag-nicolas-sarkozy","tag-nicolas-sarkozy-gozalti","tag-paris","tag-sarkozy-avukati","tag-sarkozy-gozalti","tag-sarkozy-gozaltina-alindi"],"acf":[],"_links":{"self":[{"href":"https:\/\/www.nationalturk.com\/tr\/wp-json\/wp\/v2\/posts\/168675","targetHints":{"allow":["GET"]}}],"collection":[{"href":"https:\/\/www.nationalturk.com\/tr\/wp-json\/wp\/v2\/posts"}],"about":[{"href":"https:\/\/www.nationalturk.com\/tr\/wp-json\/wp\/v2\/types\/post"}],"author":[{"embeddable":true,"href":"https:\/\/www.nationalturk.com\/tr\/wp-json\/wp\/v2\/users\/4"}],"replies":[{"embeddable":true,"href":"https:\/\/www.nationalturk.com\/tr\/wp-json\/wp\/v2\/comments?post=168675"}],"version-history":[{"count":0,"href":"https:\/\/www.nationalturk.com\/tr\/wp-json\/wp\/v2\/posts\/168675\/revisions"}],"wp:featuredmedia":[{"embeddable":true,"href":"https:\/\/www.nationalturk.com\/tr\/wp-json\/wp\/v2\/media\/168676"}],"wp:attachment":[{"href":"https:\/\/www.nationalturk.com\/tr\/wp-json\/wp\/v2\/media?parent=168675"}],"wp:term":[{"taxonomy":"category","embeddable":true,"href":"https:\/\/www.nationalturk.com\/tr\/wp-json\/wp\/v2\/categories?post=168675"},{"taxonomy":"post_tag","embeddable":true,"href":"https:\/\/www.nationalturk.com\/tr\/wp-json\/wp\/v2\/tags?post=168675"}],"curies":[{"name":"wp","href":"https:\/\/api.w.org\/{rel}","templated":true}]}}