{"id":168811,"date":"2014-07-02T17:09:04","date_gmt":"2014-07-02T14:09:04","guid":{"rendered":"http:\/\/www.nationalturk.com\/?p=168811"},"modified":"2014-07-02T17:09:04","modified_gmt":"2014-07-02T14:09:04","slug":"meksika-ve-kolombiya-abdye-tepkili-168811","status":"publish","type":"post","link":"https:\/\/www.nationalturk.com\/tr\/meksika-ve-kolombiya-abdye-tepkili-168811\/","title":{"rendered":"Meksika ve Kolombiya ABD&#8217;ye tepkili!"},"content":{"rendered":"<p><img loading=\"lazy\" decoding=\"async\" class=\"alignnone size-large wp-image-168812\" alt=\"Edward Snowden\" src=\"http:\/\/www.nationalturk.com\/tr\/wp-content\/uploads\/2014\/07\/Edward-Snowden-607x400.jpg\" width=\"607\" height=\"400\" title=\"\" srcset=\"https:\/\/www.nationalturk.com\/tr\/wp-content\/uploads\/2014\/07\/Edward-Snowden-607x400.jpg 607w, https:\/\/www.nationalturk.com\/tr\/wp-content\/uploads\/2014\/07\/Edward-Snowden-280x184.jpg 280w, https:\/\/www.nationalturk.com\/tr\/wp-content\/uploads\/2014\/07\/Edward-Snowden.jpg 1199w\" sizes=\"auto, (max-width: 607px) 100vw, 607px\" \/><\/p>\n<h1>Edward Snowden&#8217;\u0131n ABD Ulusal G\u00fcvenlik Ajans\u0131&#8217;n\u0131n (NSA) dinledi\u011fi \u00fclkeler aras\u0131nda <a href=\"http:\/\/www.wts.com.tr\/meksika-cancun-turu.htm\" target=\"_blank\" rel=\"noopener\">Meksika<\/a> ve <a href=\"http:\/\/www.wts.com.tr\/guney-amerika-turlari.htm\" target=\"_blank\" rel=\"noopener\">Kolombiya<\/a> gibi <a href=\"http:\/\/www.wts.com.tr\/Hot_latin_amerika.html\" target=\"_blank\" rel=\"noopener\">Latin Amerika<\/a> \u00fclkelerinin de bulundu\u011fu iddias\u0131na bu \u00fclkelerden tepki geldi.<\/h1>\n<p>Snowden&#8217;\u0131n iddialar\u0131 Kolombiya ve Meksika&#8217;n\u0131n ABD&#8217;ye tepki g\u00f6stermesine yol a\u00e7t\u0131. Kolombiya&#8217;n\u0131n, Washington&#8217;dan, ABD&#8217;nin \u00fclkesini izledi\u011fine dair iddialara cevap ve hesap vermesi \u00e7a\u011fr\u0131s\u0131nda bulundu\u011fu kaydedildi.<\/p>\n<p>D\u0131\u015fi\u015fleri Bakanl\u0131\u011f\u0131ndan yap\u0131lan a\u00e7\u0131klamada, insanlar\u0131n mahremiyet hakk\u0131 ve haberle\u015fme konusunda uluslararas\u0131 anla\u015fmalar\u0131 ihlal eden casusluk eyleminin reddedildi\u011fi belirtilirken, Kolombiya&#8217;n\u0131n, ABD y\u00f6netiminden b\u00fcy\u00fckel\u00e7ilik arac\u0131l\u0131\u011f\u0131yla izahat bekledi\u011fi ifade edildi. ABD taraf\u0131ndan izlendi\u011fi iddia edilen \u00fclkeler aras\u0131nda yer alan Meksika&#8217;n\u0131n da s\u00f6z konusu iddiaya ili\u015fkin bir a\u00e7\u0131klama bekledi\u011fi bildirildi.<\/p>\n<p>Devlet Ba\u015fkan\u0131 Enrique Pena Nieto, iddialar\u0131n kan\u0131tlanmas\u0131 durumunda, ABD&#8217;nin kom\u015fusunda casusluk yapm\u0131\u015f oldu\u011funun ortaya \u00e7\u0131kaca\u011f\u0131n\u0131 belirterek, bunun kesinlikle kabul edilemeyece\u011fini s\u00f6yledi. Pena Nieto, &#8220;Biz, dinleme iddialar\u0131yla ilgili h\u00fck\u00fcmetten bir a\u00e7\u0131klama bekledi\u011fimizi d\u0131\u015fi\u015fleri bakanl\u0131\u011f\u0131 arac\u0131l\u0131\u011f\u0131yla \u00e7ok a\u00e7\u0131k bir \u015fekilde ilettik&#8221; dedi. Pena Nieto&#8217;nun liderli\u011findeki Kurumsal Devrimci Partisinin senato lideri Emilio Gamboa ise iddialar\u0131n t\u00fcm ayr\u0131nt\u0131lar\u0131yla incelenmesi gerekti\u011fini belirterek, &#8220;Dostluk, i\u015fbirli\u011finden do\u011far. Casusluk yaparak de\u011fil&#8221; \u015feklinde konu\u015ftu.<\/p>\n<!-- Error, Advert is not available at this time due to schedule\/geolocation restrictions! -->\n","protected":false},"excerpt":{"rendered":"<p>Edward Snowden&#8217;\u0131n ABD Ulusal G\u00fcvenlik Ajans\u0131&#8217;n\u0131n (NSA) dinledi\u011fi \u00fclkeler aras\u0131nda Meksika ve Kolombiya gibi Latin Amerika \u00fclkelerinin de bulundu\u011fu iddias\u0131na bu \u00fclkelerden tepki geldi.<\/p>\n","protected":false},"author":4,"featured_media":173922,"comment_status":"open","ping_status":"open","sticky":false,"template":"","format":"standard","meta":{"_acf_changed":false,"footnotes":""},"categories":[6768,6665,6155,6771,5005,6202],"tags":[1887,132317,5209,37173,827,132316],"class_list":["post-168811","post","type-post","status-publish","format-standard","has-post-thumbnail","hentry","category-amerika","category-dunya","category-gundem","category-latin-amerika","category-manset","category-politika","tag-abd","tag-edward-snowden","tag-kolombiya","tag-kolombiya-abd","tag-meksika","tag-nsa"],"acf":[],"_links":{"self":[{"href":"https:\/\/www.nationalturk.com\/tr\/wp-json\/wp\/v2\/posts\/168811","targetHints":{"allow":["GET"]}}],"collection":[{"href":"https:\/\/www.nationalturk.com\/tr\/wp-json\/wp\/v2\/posts"}],"about":[{"href":"https:\/\/www.nationalturk.com\/tr\/wp-json\/wp\/v2\/types\/post"}],"author":[{"embeddable":true,"href":"https:\/\/www.nationalturk.com\/tr\/wp-json\/wp\/v2\/users\/4"}],"replies":[{"embeddable":true,"href":"https:\/\/www.nationalturk.com\/tr\/wp-json\/wp\/v2\/comments?post=168811"}],"version-history":[{"count":0,"href":"https:\/\/www.nationalturk.com\/tr\/wp-json\/wp\/v2\/posts\/168811\/revisions"}],"wp:featuredmedia":[{"embeddable":true,"href":"https:\/\/www.nationalturk.com\/tr\/wp-json\/wp\/v2\/media\/173922"}],"wp:attachment":[{"href":"https:\/\/www.nationalturk.com\/tr\/wp-json\/wp\/v2\/media?parent=168811"}],"wp:term":[{"taxonomy":"category","embeddable":true,"href":"https:\/\/www.nationalturk.com\/tr\/wp-json\/wp\/v2\/categories?post=168811"},{"taxonomy":"post_tag","embeddable":true,"href":"https:\/\/www.nationalturk.com\/tr\/wp-json\/wp\/v2\/tags?post=168811"}],"curies":[{"name":"wp","href":"https:\/\/api.w.org\/{rel}","templated":true}]}}