{"id":168932,"date":"2014-07-04T12:53:10","date_gmt":"2014-07-04T09:53:10","guid":{"rendered":"http:\/\/www.nationalturk.com\/?p=168932"},"modified":"2014-07-04T12:53:10","modified_gmt":"2014-07-04T09:53:10","slug":"fransada-sebebi-aciklanmayan-olaganustu-guvenlik-onlemleri-168932","status":"publish","type":"post","link":"https:\/\/www.nationalturk.com\/tr\/fransada-sebebi-aciklanmayan-olaganustu-guvenlik-onlemleri-168932\/","title":{"rendered":"Fransa&#8217;da sebebi a\u00e7\u0131klanmayan ola\u011fan\u00fcst\u00fc g\u00fcvenlik \u00f6nlemleri!"},"content":{"rendered":"<p><img loading=\"lazy\" decoding=\"async\" class=\"alignnone size-full wp-image-168933\" alt=\"\" src=\"http:\/\/www.nationalturk.com\/tr\/wp-content\/uploads\/2014\/07\/de_gaulle_havaalani.jpg\" width=\"610\" height=\"384\" title=\"\"><\/p>\n<h1><a href=\"http:\/\/www.wts.com.tr\/hot_Fransa.htm\" target=\"_blank\" rel=\"noopener\">Fransa<\/a> h\u00fck\u00fcmeti, havaalanlar\u0131nda g\u00fcvenlik tedbirlerinin art\u0131r\u0131lmas\u0131n\u0131 kararla\u015ft\u0131rd\u0131. Tedbir karar\u0131n\u0131n ayr\u0131nt\u0131lar\u0131 gizlilik ilkesi gere\u011fi kamuoyuyla payla\u015f\u0131lmad\u0131.<\/h1>\n<p>Fransa Sivil Havac\u0131l\u0131k Genel M\u00fcd\u00fcrl\u00fc\u011f\u00fcnden yap\u0131lan yaz\u0131l\u0131 a\u00e7\u0131klamada, ABD&#8217;ye t\u00fcm do\u011frudan u\u00e7u\u015flar\u0131n oldu\u011fu havaalanlar\u0131nda bu \u00fclkeden gelen istek do\u011frultusunda g\u00fcvenlik \u00f6nlemlerinin art\u0131r\u0131ld\u0131\u011f\u0131 bildirildi.<\/p>\n<p>A\u00e7\u0131klamada, yaz boyunca uygulanacak g\u00fcvenlik tedbirleri nedeniyle u\u00e7u\u015flarda gecikmeler ya\u015fanabilece\u011fi belirtildi.<\/p>\n<p>ABD ter\u00f6rle m\u00fccadele yetkilileri \u00f6nceki g\u00fcn, ter\u00f6r \u00f6rg\u00fct\u00fc El-Kaide\u2019nin Suriye ve Yemen\u2019deki uzant\u0131lar\u0131n\u0131n &#8220;g\u00fcvenlik taramas\u0131nda saptanmadan havalimanlar\u0131ndan ge\u00e7ebilecek bombalar&#8221; \u00fczerinde \u00e7al\u0131\u015ft\u0131klar\u0131n\u0131n belirlenmesinin ard\u0131ndan g\u00fcvenlik \u00f6nlemlerini art\u0131rma karar\u0131 ald\u0131klar\u0131n\u0131 a\u00e7\u0131klam\u0131\u015ft\u0131.<\/p>\n<p>\u0130ngiliz h\u00fck\u00fcmeti de d\u00fcn, havaalanlar\u0131nda g\u00fcvenlik tedbirlerinin art\u0131r\u0131lmas\u0131 y\u00f6n\u00fcnde yeni kararlar al\u0131nd\u0131\u011f\u0131n\u0131 duyurmu\u015ftu.<\/p>\n<!-- Error, Advert is not available at this time due to schedule\/geolocation restrictions! -->\n","protected":false},"excerpt":{"rendered":"<p>Fransa h\u00fck\u00fcmeti, havaalanlar\u0131nda g\u00fcvenlik tedbirlerinin art\u0131r\u0131lmas\u0131n\u0131 kararla\u015ft\u0131rd\u0131. Tedbir karar\u0131n\u0131n ayr\u0131nt\u0131lar\u0131 gizlilik ilkesi gere\u011fi kamuoyuyla payla\u015f\u0131lmad\u0131.<\/p>\n","protected":false},"author":4,"featured_media":168933,"comment_status":"open","ping_status":"open","sticky":false,"template":"","format":"standard","meta":{"_acf_changed":false,"footnotes":""},"categories":[6770,6665,6155,5005,6671],"tags":[1887,8942,17,53143,806,13734],"class_list":["post-168932","post","type-post","status-publish","format-standard","has-post-thumbnail","hentry","category-avrupa","category-dunya","category-gundem","category-manset","category-seyahat","tag-abd","tag-el-kaide","tag-fransa","tag-ingiliz-hukumeti","tag-suriye","tag-yemen"],"acf":[],"_links":{"self":[{"href":"https:\/\/www.nationalturk.com\/tr\/wp-json\/wp\/v2\/posts\/168932","targetHints":{"allow":["GET"]}}],"collection":[{"href":"https:\/\/www.nationalturk.com\/tr\/wp-json\/wp\/v2\/posts"}],"about":[{"href":"https:\/\/www.nationalturk.com\/tr\/wp-json\/wp\/v2\/types\/post"}],"author":[{"embeddable":true,"href":"https:\/\/www.nationalturk.com\/tr\/wp-json\/wp\/v2\/users\/4"}],"replies":[{"embeddable":true,"href":"https:\/\/www.nationalturk.com\/tr\/wp-json\/wp\/v2\/comments?post=168932"}],"version-history":[{"count":0,"href":"https:\/\/www.nationalturk.com\/tr\/wp-json\/wp\/v2\/posts\/168932\/revisions"}],"wp:featuredmedia":[{"embeddable":true,"href":"https:\/\/www.nationalturk.com\/tr\/wp-json\/wp\/v2\/media\/168933"}],"wp:attachment":[{"href":"https:\/\/www.nationalturk.com\/tr\/wp-json\/wp\/v2\/media?parent=168932"}],"wp:term":[{"taxonomy":"category","embeddable":true,"href":"https:\/\/www.nationalturk.com\/tr\/wp-json\/wp\/v2\/categories?post=168932"},{"taxonomy":"post_tag","embeddable":true,"href":"https:\/\/www.nationalturk.com\/tr\/wp-json\/wp\/v2\/tags?post=168932"}],"curies":[{"name":"wp","href":"https:\/\/api.w.org\/{rel}","templated":true}]}}