{"id":169090,"date":"2014-07-07T14:02:42","date_gmt":"2014-07-07T11:02:42","guid":{"rendered":"http:\/\/www.nationalturk.com\/?p=169090"},"modified":"2014-07-07T14:56:13","modified_gmt":"2014-07-07T11:56:13","slug":"son-dakika-eskisehir-ve-sivasa-kotu-bursa-ve-karabuke-iyi-haber-169090","status":"publish","type":"post","link":"https:\/\/www.nationalturk.com\/tr\/son-dakika-eskisehir-ve-sivasa-kotu-bursa-ve-karabuke-iyi-haber-169090\/","title":{"rendered":"Son Dakika! Eski\u015fehir ve Sivas&#8217;a k\u00f6t\u00fc, Bursa ve Karab\u00fck&#8217;e iyi haber"},"content":{"rendered":"<p><img loading=\"lazy\" decoding=\"async\" class=\"alignleft size-medium wp-image-169094\" alt=\"\" src=\"http:\/\/www.nationalturk.com\/tr\/wp-content\/uploads\/2014\/07\/uefa-280x192.jpg\" width=\"280\" height=\"192\" title=\"\" srcset=\"https:\/\/www.nationalturk.com\/tr\/wp-content\/uploads\/2014\/07\/uefa-280x192.jpg 280w, https:\/\/www.nationalturk.com\/tr\/wp-content\/uploads\/2014\/07\/uefa.jpg 501w\" sizes=\"auto, (max-width: 280px) 100vw, 280px\" \/><\/p>\n<h1>Uluslararas\u0131 Spor Tahkim Mahkemesi (CAS), Eski\u015fehirspor ve Sivasspor&#8217;a verilen 1 y\u0131l Avrupa&#8217;dan men cezalar\u0131n\u0131 onad\u0131. Bu geli\u015fmenin ard\u0131ndan Bursaspor ve Karab\u00fckspor&#8217;un UEFA Avrupa Ligi&#8217;nde oynamas\u0131 kesinle\u015fti.<\/h1>\n<p>CAS&#8217;tan, iki T\u00fcrk kul\u00fcb\u00fcne k\u00f6t\u00fc haber geldi.\u00a0CAS, Eski\u015fehirspor ile Sivasspor&#8217;a verilen 1&#8217;er y\u0131l Avrupa kupalar\u0131ndan men cezalar\u0131n\u0131 onad\u0131.<\/p>\n<p>Bu karar sonras\u0131nda, Bursaspor&#8217;un Avrupa Ligi Play-Off 2. turunda, Karab\u00fckspor&#8217;un da Avrupa Ligi 3. turunda oynamas\u0131 kesinle\u015fti.<\/p>\n<!-- Error, Advert is not available at this time due to schedule\/geolocation restrictions! -->\n","protected":false},"excerpt":{"rendered":"<p>Uluslararas\u0131 Spor Tahkim Mahkemesi (CAS), Eski\u015fehirspor ve Sivasspor&#8217;a verilen 1 y\u0131l Avrupa&#8217;dan men cezalar\u0131n\u0131 onad\u0131. Bu geli\u015fmenin ard\u0131ndan Bursaspor ve Karab\u00fckspor&#8217;un UEFA Avrupa Ligi&#8217;nde oynamas\u0131 kesinle\u015fti.<\/p>\n","protected":false},"author":4,"featured_media":173879,"comment_status":"open","ping_status":"open","sticky":false,"template":"","format":"standard","meta":{"_acf_changed":false,"footnotes":""},"categories":[6774,349,6194],"tags":[100516,122679],"class_list":["post-169090","post","type-post","status-publish","format-standard","has-post-thumbnail","hentry","category-futbol","category-son-dakika","category-spor","tag-bursaspor-uefa","tag-son-dakika-bursaspor"],"acf":[],"_links":{"self":[{"href":"https:\/\/www.nationalturk.com\/tr\/wp-json\/wp\/v2\/posts\/169090","targetHints":{"allow":["GET"]}}],"collection":[{"href":"https:\/\/www.nationalturk.com\/tr\/wp-json\/wp\/v2\/posts"}],"about":[{"href":"https:\/\/www.nationalturk.com\/tr\/wp-json\/wp\/v2\/types\/post"}],"author":[{"embeddable":true,"href":"https:\/\/www.nationalturk.com\/tr\/wp-json\/wp\/v2\/users\/4"}],"replies":[{"embeddable":true,"href":"https:\/\/www.nationalturk.com\/tr\/wp-json\/wp\/v2\/comments?post=169090"}],"version-history":[{"count":0,"href":"https:\/\/www.nationalturk.com\/tr\/wp-json\/wp\/v2\/posts\/169090\/revisions"}],"wp:featuredmedia":[{"embeddable":true,"href":"https:\/\/www.nationalturk.com\/tr\/wp-json\/wp\/v2\/media\/173879"}],"wp:attachment":[{"href":"https:\/\/www.nationalturk.com\/tr\/wp-json\/wp\/v2\/media?parent=169090"}],"wp:term":[{"taxonomy":"category","embeddable":true,"href":"https:\/\/www.nationalturk.com\/tr\/wp-json\/wp\/v2\/categories?post=169090"},{"taxonomy":"post_tag","embeddable":true,"href":"https:\/\/www.nationalturk.com\/tr\/wp-json\/wp\/v2\/tags?post=169090"}],"curies":[{"name":"wp","href":"https:\/\/api.w.org\/{rel}","templated":true}]}}