{"id":169131,"date":"2014-07-08T09:42:05","date_gmt":"2014-07-08T06:42:05","guid":{"rendered":"http:\/\/www.nationalturk.com\/?p=169131"},"modified":"2014-07-08T09:42:05","modified_gmt":"2014-07-08T06:42:05","slug":"ingiltere-fransa-kimyasal-tesis-169131","status":"publish","type":"post","link":"https:\/\/www.nationalturk.com\/tr\/ingiltere-fransa-kimyasal-tesis-169131\/","title":{"rendered":"\u0130ngiltere ve Fransa&#8217;dan kimyasal tesisler i\u00e7in ortak karar"},"content":{"rendered":"<h1><a href=\"http:\/\/www.nationalturk.com\/tr\/wp-content\/uploads\/2014\/07\/fransa-ingiltere-kimyasal-tesis.jpg\"><img loading=\"lazy\" decoding=\"async\" class=\"alignleft size-medium wp-image-169133\" alt=\"\" src=\"http:\/\/www.nationalturk.com\/tr\/wp-content\/uploads\/2014\/07\/fransa-ingiltere-kimyasal-tesis-280x189.jpg\" width=\"280\" height=\"189\" title=\"\" srcset=\"https:\/\/www.nationalturk.com\/tr\/wp-content\/uploads\/2014\/07\/fransa-ingiltere-kimyasal-tesis-280x189.jpg 280w, https:\/\/www.nationalturk.com\/tr\/wp-content\/uploads\/2014\/07\/fransa-ingiltere-kimyasal-tesis-589x400.jpg 589w, https:\/\/www.nationalturk.com\/tr\/wp-content\/uploads\/2014\/07\/fransa-ingiltere-kimyasal-tesis.jpg 625w\" sizes=\"auto, (max-width: 280px) 100vw, 280px\" \/><\/a>BM G\u00fcvenlik Konseyi \u00fcyesi \u0130ngiltere ve Fransa, Suriye&#8217;deki kimyasal silah \u00fcretim tesislerinin y\u0131k\u0131lmas\u0131n\u0131 ve rejimin kimyasal stoklar\u0131na ili\u015fkin beyan\u0131n\u0131n do\u011frulu\u011funun ara\u015ft\u0131r\u0131lmas\u0131n\u0131 istedi.<\/h1>\n<p>Suriye&#8217;deki kimyasal silah sto\u011funun \u00fclkeden \u00e7\u0131kar\u0131ld\u0131\u011f\u0131n\u0131n a\u00e7\u0131klanmas\u0131n\u0131n ard\u0131ndan BM G\u00fcvenlik Konseyi&#8217;nin daimi \u00fcyeleri \u0130ngiltere ve Fransa, \u00fclkedeki kimyasal silah \u00fcretim tesislerinin y\u0131k\u0131lmas\u0131n\u0131 ve rejimin stoklara ili\u015fkin verdi\u011fi beyanla sahadaki ger\u00e7eklerin \u00f6rt\u00fc\u015f\u00fcp \u00f6rt\u00fc\u015fmedi\u011finin ara\u015ft\u0131r\u0131lmas\u0131n\u0131 istedi.<\/p>\n<p>Kimyasal Silahlar\u0131n Yasaklanmas\u0131 \u00d6rg\u00fct\u00fc (KSY\u00d6) ve BM Suriye Ortak Misyon Koordinat\u00f6r\u00fc Sigrid Kaag, K\u0131br\u0131s&#8217;tan telekonferans y\u00f6ntemiyle ba\u011flanarak, BM G\u00fcvenlik Konseyi \u00fcyelerine Suriye&#8217;nin kimyasal silahlar\u0131n\u0131n imhas\u0131na ili\u015fkin brifing verdi.<\/p>\n<p>Kapal\u0131 toplant\u0131n\u0131n ard\u0131ndan a\u00e7\u0131klama yapan Fransa&#8217;n\u0131n BM Daimi Temsilcisi Gerard Araud, Suriye&#8217;nin kimyasal silah sorununun hen\u00fcz tamamen \u00e7\u00f6z\u00fclmedi\u011fini belirterek, rejimin t\u00fcm kimyasal silah \u00fcretim merkezlerini BM g\u00f6zetiminde y\u0131kmas\u0131 ve rejimin beyan\u0131 ile ger\u00e7ekler aras\u0131ndaki olas\u0131 \u00e7eli\u015fkilerin incelenmesi gerekti\u011fini ifade etti.<\/p>\n<p>Araud, Suriye rejiminin \u00e7at\u0131\u015fmalarda klorin gaz\u0131 kulland\u0131\u011f\u0131n\u0131 da vurgulayarak, Esed rejiminin kimyasal silah kullanma tehdidinin sona ermedi\u011fini dile getirdi.<\/p>\n<p>&#8220;Klorin gaz\u0131 kullan\u0131l\u0131yor&#8221;<\/p>\n<p>\u0130ngiltere&#8217;nin BM Daimi Temsilcisi Mark L. Grant da Twitter hesab\u0131ndan yapt\u0131\u011f\u0131 a\u00e7\u0131klamada, Kaag&#8217;\u0131n son bilgileri BMGK ile payla\u015ft\u0131\u011f\u0131n\u0131 belirterek, Suriye&#8217;deki kimyasal silah tesislerinin y\u0131k\u0131m\u0131n\u0131n ve rejimin kimyasal stoklar\u0131na ili\u015fkin beyan\u0131n\u0131n do\u011frulanmas\u0131 konular\u0131n\u0131n \u00f6nemini halen korudu\u011funu vurgulad\u0131.<\/p>\n<p>Litvanya&#8217;n\u0131n BM Daimi Temsilcisi Raimonda Murmokaite ise Suriye&#8217;de klorin sald\u0131r\u0131lar\u0131n\u0131n sistematik hale geldi\u011fini KSY\u00d6&#8217;n\u00fcn de teyit etti\u011fini belirterek, bu sald\u0131r\u0131lar\u0131n faillerinden hesap sorulmas\u0131 gereklili\u011fini dile getirdi.<\/p>\n<p>BM Genel Sekreteri Ban Ki-mun da daha \u00f6nce yapt\u0131\u011f\u0131 a\u00e7\u0131klamada, tesislerin y\u0131k\u0131lmas\u0131n\u0131 ve rejimin beyan\u0131n\u0131n do\u011frulu\u011funun teyit edilmesini istemi\u015fti.<\/p>\n<p>&#8220;Sarin gaz\u0131na rastland\u0131&#8221;<\/p>\n<p>\u00d6te yandan ge\u00e7en y\u0131l A\u011fustos ay\u0131nda muhaliflerin kontrol\u00fcndeki b\u00f6lgede Suriye ordusu taraf\u0131ndan bulundu\u011fu \u00f6ne s\u00fcr\u00fclen m\u00fchimmat par\u00e7alar\u0131nda sarin gaz\u0131na rastland\u0131\u011f\u0131 kaydedildi.<\/p>\n<p>Konuya ili\u015fkin BM Genel Sekreteri Ban Ki-mun, BMGK&#8217;ya sundu\u011fu raporda, BM ve KSY\u00d6 ortak misyonu taraf\u0131ndan incelenen par\u00e7alarda sarin gaz\u0131 bulundu\u011funun teyit edildi\u011fini belirtti.<\/p>\n<p>Raporda, Suriye g\u00fcvenlik g\u00fc\u00e7lerinin m\u00fchimmat par\u00e7alar\u0131n\u0131 nas\u0131l ve nerede bulduklar\u0131na ve ortak misyona ne zaman ula\u015ft\u0131rd\u0131klar\u0131na ili\u015fkin ayr\u0131nt\u0131l\u0131 bilgi yer almad\u0131.<\/p>\n<p>Kimyasal Silahlar\u0131n Yasaklanmas\u0131 \u00d6rg\u00fct\u00fc (KSY\u00d6) Genel Direkt\u00f6r\u00fc Ahmet \u00dcz\u00fcmc\u00fc, 23 Haziran&#8217;da yapt\u0131\u011f\u0131 a\u00e7\u0131klamada, Suriye\u2019nin yurt d\u0131\u015f\u0131nda imha edilmesi kararla\u015ft\u0131r\u0131lan kimyasal silahlar\u0131n\u0131n tamam\u0131n\u0131n \u00fclke d\u0131\u015f\u0131na \u00e7\u0131kar\u0131ld\u0131\u011f\u0131n\u0131 bildirmi\u015fti.<\/p>\n<p>Kimyasal silahlar\u0131n imhas\u0131nda Suriye rejiminin beyan\u0131 esas al\u0131nd\u0131\u011f\u0131 i\u00e7in \u00f6zellikle Bat\u0131l\u0131 \u00fclkeler KSY\u00d6 ekiplerinin herhangi bir tutars\u0131zl\u0131\u011fa kar\u015f\u0131n \u00fclkede inceleme yapmas\u0131n\u0131 istiyor.<\/p>\n<!-- Error, Advert is not available at this time due to schedule\/geolocation restrictions! -->\n","protected":false},"excerpt":{"rendered":"<p>BM G\u00fcvenlik Konseyi \u00fcyesi \u0130ngiltere ve Fransa, Suriye&#8217;deki kimyasal silah \u00fcretim tesislerinin y\u0131k\u0131lmas\u0131n\u0131 ve rejimin kimyasal stoklar\u0131na ili\u015fkin beyan\u0131n\u0131n do\u011frulu\u011funun ara\u015ft\u0131r\u0131lmas\u0131n\u0131 istedi.<\/p>\n","protected":false},"author":3,"featured_media":173874,"comment_status":"open","ping_status":"open","sticky":false,"template":"","format":"standard","meta":{"_acf_changed":false,"footnotes":""},"categories":[6770,6665,6155,5005,6202],"tags":[14574,52134,5904,1874,166742,109660,806,106978,92100],"class_list":["post-169131","post","type-post","status-publish","format-standard","has-post-thumbnail","hentry","category-avrupa","category-dunya","category-gundem","category-manset","category-politika","tag-ban-ki-mun","tag-bm-genel-sekreteri","tag-bm-guvenlik-konseyi","tag-ingiltere","tag-ingiltere-fransa","tag-kimyasal-silah","tag-suriye","tag-suriye-kimyasal-silah","tag-suriye-rejimi"],"acf":[],"_links":{"self":[{"href":"https:\/\/www.nationalturk.com\/tr\/wp-json\/wp\/v2\/posts\/169131","targetHints":{"allow":["GET"]}}],"collection":[{"href":"https:\/\/www.nationalturk.com\/tr\/wp-json\/wp\/v2\/posts"}],"about":[{"href":"https:\/\/www.nationalturk.com\/tr\/wp-json\/wp\/v2\/types\/post"}],"author":[{"embeddable":true,"href":"https:\/\/www.nationalturk.com\/tr\/wp-json\/wp\/v2\/users\/3"}],"replies":[{"embeddable":true,"href":"https:\/\/www.nationalturk.com\/tr\/wp-json\/wp\/v2\/comments?post=169131"}],"version-history":[{"count":0,"href":"https:\/\/www.nationalturk.com\/tr\/wp-json\/wp\/v2\/posts\/169131\/revisions"}],"wp:featuredmedia":[{"embeddable":true,"href":"https:\/\/www.nationalturk.com\/tr\/wp-json\/wp\/v2\/media\/173874"}],"wp:attachment":[{"href":"https:\/\/www.nationalturk.com\/tr\/wp-json\/wp\/v2\/media?parent=169131"}],"wp:term":[{"taxonomy":"category","embeddable":true,"href":"https:\/\/www.nationalturk.com\/tr\/wp-json\/wp\/v2\/categories?post=169131"},{"taxonomy":"post_tag","embeddable":true,"href":"https:\/\/www.nationalturk.com\/tr\/wp-json\/wp\/v2\/tags?post=169131"}],"curies":[{"name":"wp","href":"https:\/\/api.w.org\/{rel}","templated":true}]}}