{"id":169659,"date":"2014-07-15T09:35:20","date_gmt":"2014-07-15T06:35:20","guid":{"rendered":"http:\/\/www.nationalturk.com\/?p=169659"},"modified":"2014-07-15T09:35:20","modified_gmt":"2014-07-15T06:35:20","slug":"son-dakika-israil-ateskesi-kabul-etti-169659","status":"publish","type":"post","link":"https:\/\/www.nationalturk.com\/tr\/son-dakika-israil-ateskesi-kabul-etti-169659\/","title":{"rendered":"Son Dakika! \u0130srail ate\u015fkesi kabul etti"},"content":{"rendered":"<div><img loading=\"lazy\" decoding=\"async\" class=\"alignleft size-medium wp-image-169660\" alt=\"\" src=\"http:\/\/www.nationalturk.com\/tr\/wp-content\/uploads\/2014\/07\/son-dakika-dikey7-206x220.jpg\" width=\"206\" height=\"220\" title=\"\" srcset=\"https:\/\/www.nationalturk.com\/tr\/wp-content\/uploads\/2014\/07\/son-dakika-dikey7-206x220.jpg 206w, https:\/\/www.nationalturk.com\/tr\/wp-content\/uploads\/2014\/07\/son-dakika-dikey7.jpg 300w\" sizes=\"auto, (max-width: 206px) 100vw, 206px\" \/><\/div>\n<h1>\u0130srail g\u00fcvenlik kabinesinin, M\u0131s\u0131r&#8217;\u0131n ba\u015flatt\u0131\u011f\u0131 ate\u015fkes giri\u015fimini onaylad\u0131\u011f\u0131 bildirildi. Ancak iddialara g\u00f6re Hamas ate\u015fkese s\u0131cak bakm\u0131yor.<\/h1>\n<div>\n<p>\u0130srail ile Hamas aras\u0131nda ate\u015fkes sa\u011flanmas\u0131 i\u00e7in uluslararas\u0131 \u00e7abalar s\u00fcrerken, M\u0131s\u0131r\u2019dan iki tarafa somut bir \u00f6neri geldi.\u00a0AFP\u2019nin haberine g\u00f6re M\u0131s\u0131r, bug\u00fcn TS\u0130 09.00 itibar\u0131yla taraflar\u0131n ate\u015fi kesmesini, ard\u0131ndan da \u0130srail\u2019in Gazze\u2019ye uygulad\u0131\u011f\u0131 ambargonun yumu\u015fat\u0131lmas\u0131 i\u00e7in m\u00fczakerelere ba\u015flanmas\u0131n\u0131 teklif etti.\u00a0M\u0131s\u0131r&#8217;\u0131n yapt\u0131\u011f\u0131 teklifi bu sabah saatlerinde de\u011ferlendiren \u0130srail kabinesi, \u00f6neriyi kabul etti.\u00a0Hamas&#8217;\u0131n askeri kanad\u0131 ise teklifi reddetti. \u0130zzeddin el Kassam Tugaylar\u0131, s\u00f6z konusu teklifi kabul etmediklerini belirterek, &#8220;D\u00fc\u015fmanla sava\u015f\u0131m\u0131z s\u00fcr\u00fcyor&#8221; a\u00e7\u0131klamas\u0131 yapt\u0131.<\/p>\n<\/div>\n<p>Bu arada \u0130srail&#8217;in Gazze \u015eeridi&#8217;ne d\u00fczenledi\u011fi sald\u0131r\u0131larda hayat\u0131n\u0131 kaybedenlerin say\u0131s\u0131n\u0131n 189&#8217;a, yaral\u0131lar\u0131n say\u0131s\u0131n\u0131n 1400&#8217;e y\u00fckseldi\u011fi belirtildi.<\/p>\n<p>AA muhabirine konu\u015fan Gazze&#8217;de g\u00f6revini fiili olarak y\u00fcr\u00fcten eski Filistin H\u00fck\u00fcmeti Sa\u011fl\u0131k Bakanl\u0131\u011f\u0131 S\u00f6zc\u00fcs\u00fc E\u015fref el-Kudra, \u0130srail&#8217;in d\u00fczenledi\u011fi hava sald\u0131r\u0131lar\u0131nda Gazze&#8217;nin g\u00fcneyindeki Han Yunus ve Refah kentlerinde biri kad\u0131n olmak \u00fczere iki ya\u015fl\u0131 Filistinlinin hayat\u0131n\u0131 kaybetti\u011fini s\u00f6yledi. \u0130ki Filistinlinin \u00f6l\u00fcm\u00fcn\u00fcn ard\u0131ndan \u0130srail&#8217;in operasyonunda hayat\u0131n\u0131 kaybedenlerin say\u0131s\u0131n\u0131n 189&#8217;a \u00e7\u0131kt\u0131\u011f\u0131 belirtildi.<\/p>\n<p>Gazze&#8217;den \u0130srail&#8217;e at\u0131lan f\u00fczeler nedeniyle \u00e7o\u011fu panik sonucu olmak \u00fczere 211 \u0130sraillinin de yaraland\u0131\u011f\u0131 bilgisi verilmi\u015fti.<\/p>\n<p>Bat\u0131 \u015eeria&#8217;da 12 Haziran&#8217;da kaybolan 3 Yahudi yerle\u015fimcinin 18 g\u00fcn sonra \u00f6l\u00fc bulunmas\u0131n\u0131n ard\u0131ndan Filistinli gen\u00e7 Muhammed Ebu Hudayr, 2 Temmuz&#8217;da Yahudi yerle\u015fimciler taraf\u0131ndan ka\u00e7\u0131r\u0131lm\u0131\u015f ve yak\u0131larak \u00f6ld\u00fcr\u00fclm\u00fc\u015ft\u00fc. \u0130srail, bu olaylar\u0131n ard\u0131ndan 7 Temmuz&#8217;da &#8220;Koruyucu Hat&#8221; ad\u0131 alt\u0131nda operasyon ba\u015flatt\u0131\u011f\u0131n\u0131 duyurmu\u015ftu.<\/p>\n<!-- Error, Advert is not available at this time due to schedule\/geolocation restrictions! -->\n","protected":false},"excerpt":{"rendered":"<p>\u0130srail g\u00fcvenlik kabinesinin, M\u0131s\u0131r&#8217;\u0131n ba\u015flatt\u0131\u011f\u0131 ate\u015fkes giri\u015fimini onaylad\u0131\u011f\u0131 bildirildi. Ancak iddialara g\u00f6re Hamas ate\u015fkese s\u0131cak bakm\u0131yor.<\/p>\n","protected":false},"author":4,"featured_media":173783,"comment_status":"open","ping_status":"open","sticky":false,"template":"","format":"standard","meta":{"_acf_changed":false,"footnotes":""},"categories":[6665,6155,5005,6772,6202,349],"tags":[40278,7362,167386,6964,166020,167387,28275,115554,720,34238,27382,115921],"class_list":["post-169659","post","type-post","status-publish","format-standard","has-post-thumbnail","hentry","category-dunya","category-gundem","category-manset","category-ortadogu","category-politika","category-son-dakika","tag-ateskes","tag-filistin","tag-gazze-ateskes","tag-hamas","tag-han-yunus","tag-israil-ateskes","tag-israil-gazze","tag-israil-son-dakika","tag-misir","tag-refah","tag-son-dakika","tag-son-dakika-israil"],"acf":[],"_links":{"self":[{"href":"https:\/\/www.nationalturk.com\/tr\/wp-json\/wp\/v2\/posts\/169659","targetHints":{"allow":["GET"]}}],"collection":[{"href":"https:\/\/www.nationalturk.com\/tr\/wp-json\/wp\/v2\/posts"}],"about":[{"href":"https:\/\/www.nationalturk.com\/tr\/wp-json\/wp\/v2\/types\/post"}],"author":[{"embeddable":true,"href":"https:\/\/www.nationalturk.com\/tr\/wp-json\/wp\/v2\/users\/4"}],"replies":[{"embeddable":true,"href":"https:\/\/www.nationalturk.com\/tr\/wp-json\/wp\/v2\/comments?post=169659"}],"version-history":[{"count":0,"href":"https:\/\/www.nationalturk.com\/tr\/wp-json\/wp\/v2\/posts\/169659\/revisions"}],"wp:featuredmedia":[{"embeddable":true,"href":"https:\/\/www.nationalturk.com\/tr\/wp-json\/wp\/v2\/media\/173783"}],"wp:attachment":[{"href":"https:\/\/www.nationalturk.com\/tr\/wp-json\/wp\/v2\/media?parent=169659"}],"wp:term":[{"taxonomy":"category","embeddable":true,"href":"https:\/\/www.nationalturk.com\/tr\/wp-json\/wp\/v2\/categories?post=169659"},{"taxonomy":"post_tag","embeddable":true,"href":"https:\/\/www.nationalturk.com\/tr\/wp-json\/wp\/v2\/tags?post=169659"}],"curies":[{"name":"wp","href":"https:\/\/api.w.org\/{rel}","templated":true}]}}