{"id":169769,"date":"2014-07-16T12:07:39","date_gmt":"2014-07-16T09:07:39","guid":{"rendered":"http:\/\/www.nationalturk.com\/?p=169769"},"modified":"2014-07-16T12:07:39","modified_gmt":"2014-07-16T09:07:39","slug":"aselsan-muhendisinin-olumunu-adli-tip-da-cozemedi-169769","status":"publish","type":"post","link":"https:\/\/www.nationalturk.com\/tr\/aselsan-muhendisinin-olumunu-adli-tip-da-cozemedi-169769\/","title":{"rendered":"ASELSAN m\u00fchendisinin \u00f6l\u00fcm\u00fcn\u00fc Adli T\u0131p da \u00e7\u00f6zemedi!"},"content":{"rendered":"<p><img loading=\"lazy\" decoding=\"async\" class=\"alignleft size-medium wp-image-169772\" alt=\"H\u00fcseyin Ba\u015fbilen\" src=\"http:\/\/www.nationalturk.com\/tr\/wp-content\/uploads\/2014\/07\/huseyin_basbilen_aselsan-280x175.jpg\" width=\"280\" height=\"175\" title=\"\" srcset=\"https:\/\/www.nationalturk.com\/tr\/wp-content\/uploads\/2014\/07\/huseyin_basbilen_aselsan-280x175.jpg 280w, https:\/\/www.nationalturk.com\/tr\/wp-content\/uploads\/2014\/07\/huseyin_basbilen_aselsan.jpg 463w\" sizes=\"auto, (max-width: 280px) 100vw, 280px\" \/><\/p>\n<h1>Otomobilinde, 2006&#8217;da \u00f6l\u00fc bulunan ASELSAN m\u00fchendisi H\u00fcseyin Ba\u015fbilen&#8217;in intihar m\u0131 etti\u011fi, cinayete mi kurban gitti\u011fine ili\u015fkin rapor haz\u0131rlayan Adli T\u0131p Genel Kurulu \u00fcyeleri farkl\u0131 g\u00f6r\u00fc\u015flere vard\u0131.<\/h1>\n<p>\u00c7o\u011funluk, Ba\u015fbilen&#8217;in \u00f6l\u00fcm\u00fcne neden olan kesiklerin kendisince yap\u0131lm\u0131\u015f olabilece\u011fi sonucuna var\u0131rken, baz\u0131 \u00fcyeler &#8220;kesiklerin Ba\u015fbilen taraf\u0131ndan olu\u015fturulmalar\u0131n\u0131n varit g\u00f6r\u00fclmedi\u011fi&#8221;, bir k\u0131sm\u0131 ise &#8220;kendisi ya da ba\u015fkas\u0131nca olu\u015fturulup olu\u015fturulmad\u0131\u011f\u0131n\u0131n t\u0131bben ayr\u0131lamayaca\u011f\u0131&#8221; gerek\u00e7eleriyle \u00e7o\u011funluk g\u00f6r\u00fc\u015f\u00fcne muhalif kald\u0131.<\/p>\n<p>Ba\u015fbilen&#8217;in \u00f6l\u00fcm\u00fcn\u00fc soru\u015fturan Ankara Cumhuriyet Ba\u015fsavc\u0131l\u0131\u011f\u0131, Adli T\u0131p \u0130htisas Kurulunun, \u00f6l\u00fcm\u00fcn &#8220;intihar m\u0131, cinayet mi&#8221; oldu\u011funa ili\u015fkin oy birli\u011fiyle bir sonuca varamamas\u0131 \u00fczerine Adli T\u0131p Kurumu Kanunu uyar\u0131nca, Adli T\u0131p Genel Kurulundan &#8220;kesin kanaat&#8221; bildirmesini istedi. Genel kurul, haz\u0131rlad\u0131\u011f\u0131 46 sayfa raporu ba\u015fsavc\u0131l\u0131\u011fa g\u00f6nderdi.<\/p>\n<p>Raporun sonu\u00e7 k\u0131sm\u0131nda, Ba\u015fbilen&#8217;in zehirlenerek \u00f6ld\u00fc\u011f\u00fcn\u00fcn ve kesik vas\u0131fta yaralanma d\u0131\u015f\u0131nda ba\u015fka bir travmatik tesirle \u00f6ld\u00fc\u011f\u00fcn\u00fcn t\u0131bbi delillerinin bulunmad\u0131\u011f\u0131 kaydedildi.<\/p>\n<p>Ba\u015fbilen&#8217;in v\u00fccudunda iki adet kesik vas\u0131fta yara saptand\u0131\u011f\u0131 aktar\u0131lan raporda, boyunda tarif edilen yaralanman\u0131n cilt ve cilt alt\u0131 dokular\u0131n\u0131 i\u00e7erdi\u011fi, b\u00fcy\u00fck damar yaralanmas\u0131 bulunmad\u0131\u011f\u0131ndan \u00f6l\u00fcm olu\u015fturacak nitelikte olmad\u0131\u011f\u0131, sol el bile\u011finde tan\u0131mlanan yaralanman\u0131n, m\u00fcstakilen \u00f6ld\u00fcr\u00fcc\u00fc nitelikte oldu\u011fu bildirildi. Kesiklerin, olay yerinde elde edilen maket b\u0131\u00e7a\u011f\u0131 ile husullerinin m\u00fcmk\u00fcn oldu\u011fu kaydedilen raporda, \u00f6l\u00fcm\u00fcn, b\u00fcy\u00fck damar kesisinden geli\u015fen d\u0131\u015f kanamadan meydana geldi\u011fi aktar\u0131ld\u0131.<\/p>\n<p>Ba\u015fbilen&#8217;in olay \u00f6ncesi fiziksel a\u00e7\u0131dan sa\u011fl\u0131kl\u0131 oldu\u011funun bildirildi\u011fi, maj\u00f6r depresyon tan\u0131s\u0131yla tedavi g\u00f6rd\u00fc\u011f\u00fcn\u00fcn anla\u015f\u0131ld\u0131\u011f\u0131, 4 A\u011fustos 2006&#8217;da i\u015fe gitmek \u00fczere evinden ayr\u0131ld\u0131\u011f\u0131, bir g\u00fcn sonra arac\u0131 i\u00e7inde \u00f6l\u00fc bulundu\u011fu kaydedilen raporda, intihar notu ile ara\u00e7 i\u00e7erisinde bulunan maket b\u0131\u00e7a\u011f\u0131 hat\u0131rlat\u0131ld\u0131 ve \u015funlara yer verildi:<\/p>\n<p>&#8220;Olay yeri inceleme bulgular\u0131, cesedin bulundu\u011fu ortam, bulunu\u015f \u015fekli, \u00e7\u00fcr\u00fcmeyle olu\u015fabilecek d\u00fczeyde olan ve \u00f6l\u00fcm \u00f6ncesi alkol al\u0131m\u0131na ba\u011fl\u0131 olmas\u0131 durumunda da ki\u015finin savunmas\u0131n\u0131 engelleyecek d\u00fczeyde olmayan etil alkol bulundu\u011fu; uyutucu, uyu\u015fturucu herhangi bir madde bulunmad\u0131\u011f\u0131, olay yeri g\u00f6r\u00fcnt\u00fclerinin yap\u0131lan incelenmesinde kan lekelerinin lokalizasyonu ve da\u011f\u0131l\u0131m \u015fekli, otopsisinde tespit edilen kesik vas\u0131flar\u0131n lokalizasyonlar\u0131, \u00f6zellikleri ve a\u011f\u0131rl\u0131klar\u0131, ki\u015finin v\u00fccudunda \u00f6l\u00fcm\u00fcne m\u00fcessir ba\u015fkaca bir travmatik de\u011fi\u015fim ve toksik madde bulunmamas\u0131 birlikte de\u011ferlendirildi\u011finde; kesik vas\u0131ftaki yaralar\u0131n bir ba\u015fkas\u0131 taraf\u0131ndan olu\u015fturuldu\u011funun delillerinin bulunmad\u0131\u011f\u0131, \u00f6l\u00fcm\u00fcne neden olan kesik vas\u0131ftaki yaralar\u0131n ki\u015finin kendisi taraf\u0131ndan husullerinin m\u00fcmk\u00fcn oldu\u011fu oy \u00e7oklu\u011fuyla m\u00fctalaa olunur.&#8221;<\/p>\n<p>Rapordaki bu g\u00f6r\u00fc\u015fe, 38 \u00fcyeden 17&#8217;si kat\u0131ld\u0131. Kalan \u00fcyeler ise farkl\u0131 gerek\u00e7elerle bu g\u00f6r\u00fc\u015fe muhalif kald\u0131.<\/p>\n<p>-Muhalif g\u00f6r\u00fc\u015fler<\/p>\n<p>\u00dcyelerden 7&#8217;sinin muhalefet \u015ferhinde, &#8220;kemik ya da k\u0131k\u0131rdakta aletin neden oldu\u011fu yaralanma varl\u0131\u011f\u0131n\u0131n cinayeti, yoklu\u011funun ise daha ziyade intihar\u0131 d\u00fc\u015f\u00fcnd\u00fcrmesi gerekti\u011finin t\u0131bben bilindi\u011fi&#8221; belirtilerek, &#8220;Cesette, boyun sol yan\u0131ndaki kesi b\u00f6lgesinde tiroit k\u0131k\u0131rdak korpusunda kesilerin bulunmas\u0131, eylemin, ki\u015finin kendisi taraf\u0131ndan meydana getirilmesinden ziyade ba\u015fkas\u0131 taraf\u0131ndan olu\u015fturuldu\u011funu d\u00fc\u015f\u00fcnd\u00fcrmektedir&#8221; denildi.<\/p>\n<p>Adli t\u0131p literat\u00fcr\u00fcnde, &#8220;teredd\u00fct kesileri&#8221; bulunmayan intihar olgusunun bildirilmedi\u011fine i\u015faret edilen \u015ferhte, Ba\u015fbilen&#8217;in bile\u011findeki teredd\u00fct kesilerinin e\u015flik etmedi\u011fi tek ve derin kesi ile boyunda tiroit sol korpusunda saptanan iki kesiyi olu\u015fturan yaralanmalar\u0131n, ki\u015finin kendi eylemiyle olu\u015fturulmalar\u0131n\u0131n varit g\u00f6r\u00fclmedi\u011fine yer verildi.<\/p>\n<p>Ba\u015fbilen&#8217;in gitti\u011fi psikiyatri uzman\u0131n\u0131n, &#8220;maj\u00f6r depresyon&#8221; tan\u0131s\u0131 koymakla birlikte, intihar\u0131n\u0131 beklemedi\u011fi ifade edilen g\u00f6r\u00fc\u015fte, Ba\u015fbilen&#8217;in arac\u0131n\u0131n kilit mekanizmas\u0131n\u0131n \u00f6zelliklerine dikkat \u00e7ekildi ve arac\u0131n, Ba\u015fbilen taraf\u0131ndan i\u00e7eriden kilitlenebilece\u011fi gibi, &#8220;kilitli hale de getirilebilece\u011fi&#8221; bildirildi.<\/p>\n<p>Ba\u015fbilen&#8217;in \u00f6l\u00fcm\u00fcn\u00fcn, kesici vas\u0131fta alet yaralanmas\u0131na ba\u011fl\u0131 b\u00fcy\u00fck damar kesilmesinden geli\u015fen d\u0131\u015f kanama sonucu meydana geldi\u011fi belirtilen g\u00f6r\u00fc\u015fte, &#8220;Cesedin durumu, arac\u0131n kilit mekanizmas\u0131n\u0131n \u00f6zellikleri, ki\u015finin intihar etmesini gerektirecek yeterli t\u0131bbi bilgi ve bulgu bulunmamas\u0131, otopsi raporunda tarif edilen kesik vasf\u0131ndaki yaralar\u0131n lokalizasyonlar\u0131, kesik atardamarlar\u0131n anatomik ve fizyopatalojik \u00f6zellikleri ile meydana gelen harabiyet birlikte de\u011ferlendirildi\u011finde, kendisi taraf\u0131ndan olu\u015fturulmalar\u0131n\u0131n varit g\u00f6r\u00fclmedi\u011fine dair oy \u00e7oklu\u011fuyla al\u0131nm\u0131\u015f genel kurul karar\u0131na kar\u015f\u0131l\u0131k muhalefet \u015ferhimizdir&#8221; ifadesi kullan\u0131ld\u0131.<\/p>\n<p>-Baz\u0131 \u00fcyeler ayr\u0131m\u0131n m\u00fcmk\u00fcn olmad\u0131\u011f\u0131n\u0131 savundu<\/p>\n<p>Muhalif 14 \u00fcye ise dosyadaki raporlara g\u00f6re, ceset bulundu\u011funda t\u00fcm v\u00fccutta \u00e7\u00fcr\u00fcmenin ilerledi\u011fini, d\u0131\u015f muayenede \u00e7\u00fcr\u00fcme nedeniyle yumu\u015fak dokulara y\u00f6nelik travmatik de\u011fi\u015fim bulunup bulunmad\u0131\u011f\u0131n\u0131n ayr\u0131m\u0131n\u0131n yap\u0131lamad\u0131\u011f\u0131na i\u015faret etti. \u00c7\u00fcr\u00fcmeye ba\u011fl\u0131 ciltte yayg\u0131n soyulmalar bulundu\u011fu aktar\u0131lan ve herhangi bir etkili eylem s\u0131ras\u0131nda meydana gelebilecek nitelikte s\u0131yr\u0131k, ekimoz gibi y\u00fczeysel travmatik de\u011fi\u015fikliklerin, \u00e7\u00fcr\u00fcmenin ilerledi\u011fi olgularda ay\u0131rt edilemeyebilece\u011fi bildirilen g\u00f6r\u00fc\u015fte, &#8220;ki\u015finin olay s\u0131ras\u0131nda ba\u015fka ki\u015fi veya ki\u015filerle fiziksel m\u00fccadeleye girip girmedi\u011finin kesin olarak s\u00f6ylenemeyece\u011fi&#8221; ifade edildi.<\/p>\n<p>Ba\u015fbilen&#8217;in v\u00fccudundaki kesiklerden boyundakinin \u00f6l\u00fcme yol a\u00e7acak nitelikte olmad\u0131\u011f\u0131, sol el bile\u011findekinin ise m\u00fcstakilen \u00f6l\u00fcm meydana getirir nitelikte oldu\u011fu kaydedilen g\u00f6r\u00fc\u015fte, &#8220;Tarif edilen yaralar\u0131n niteli\u011fi, lokalizasyonlar\u0131 dikkate al\u0131nd\u0131\u011f\u0131nda, ki\u015finin kendisi taraf\u0131ndan olu\u015fturulabilece\u011fi gibi ba\u015fkas\u0131 taraf\u0131ndan da olu\u015fturulabilece\u011fi, bu hususta t\u0131bben tefrik yap\u0131lamayaca\u011f\u0131na dair muhalefet \u015ferhimizdir&#8221; de\u011ferlendirmesine yer verildi.<\/p>\n<p>Ba\u015fbilen, 4 A\u011fustos 2006&#8217;da sabah saatlerinde, otomobiliyle i\u015fine gitmek \u00fczere evinden ayr\u0131lm\u0131\u015f, ancak ASELSAN&#8217;a gitmedi\u011fi anla\u015f\u0131l\u0131nca e\u015fi taraf\u0131ndan ayn\u0131 g\u00fcn Yenimahalle Merkez Karakoluna kay\u0131p ba\u015fvurusunda bulunulmu\u015ftu. Ba\u015fbilen, bir g\u00fcn sonra ak\u015fam saatlerinde Ankara&#8217;n\u0131n Kavakl\u0131 k\u00f6y\u00fc Ayd\u0131nc\u0131k Mahallesi Mezarl\u0131k \u00dcst\u00fc mevkisinde tarla i\u00e7inde, park halindeki otomobilinde, boynu ve sol bile\u011fi kesilmi\u015f \u015fekilde \u00f6l\u00fc olarak bulunmu\u015ftu.<\/p>\n<p>Jandarma raporunda, otomobilin kap\u0131 ve bagaj\u0131n\u0131n kilitli oldu\u011fu, cesedinin boyun ve bilek k\u0131sm\u0131nda kesikler bulundu\u011fu kaydedilerek, otomobilde &#8220;elveda&#8221; ba\u015fl\u0131\u011f\u0131yla ba\u015flayan bir not ele ge\u00e7irildi\u011fi kaydedilmi\u015fti.<\/p>\n<p>Cinayet iddialar\u0131 \u00fczerine ba\u015flat\u0131lan soru\u015fturma kapsam\u0131nda rapor istenen \u0130stanbul Adli T\u0131p Kurumu 1. \u0130htisas Dairesinin 5 \u00fcyesi olay\u0131n &#8221;intihar&#8221;, 3&#8217;\u00fc ise &#8221;cinayet&#8221; oldu\u011fu y\u00f6n\u00fcnde g\u00f6r\u00fc\u015f bildirmi\u015fti. Ba\u015fbilen, \u00f6lmeden \u00f6nce Milli Tank Projesi At\u0131\u015f Kontrol Sistemi Projesinde g\u00f6rev yap\u0131yordu.<\/p>\n<!-- Error, Advert is not available at this time due to schedule\/geolocation restrictions! -->\n","protected":false},"excerpt":{"rendered":"<p>Otomobilinde, 2006&#8217;da \u00f6l\u00fc bulunan ASELSAN m\u00fchendisi H\u00fcseyin Ba\u015fbilen&#8217;in intihar m\u0131 etti\u011fi, cinayete mi kurban gitti\u011fine ili\u015fkin rapor haz\u0131rlayan Adli T\u0131p Genel Kurulu \u00fcyeleri farkl\u0131 g\u00f6r\u00fc\u015flere vard\u0131.<\/p>\n","protected":false},"author":4,"featured_media":173765,"comment_status":"open","ping_status":"open","sticky":false,"template":"","format":"standard","meta":{"_acf_changed":false,"footnotes":""},"categories":[6155,5005,6202,6805],"tags":[26351,108872,108874,108878,108873,108880],"class_list":["post-169769","post","type-post","status-publish","format-standard","has-post-thumbnail","hentry","category-gundem","category-manset","category-politika","category-turkiye","tag-adli-tip","tag-aselsan","tag-aselsan-cinayet","tag-aselsan-cinayet-intihar","tag-aselsan-cinayetleri","tag-huseyin-basbilen"],"acf":[],"_links":{"self":[{"href":"https:\/\/www.nationalturk.com\/tr\/wp-json\/wp\/v2\/posts\/169769","targetHints":{"allow":["GET"]}}],"collection":[{"href":"https:\/\/www.nationalturk.com\/tr\/wp-json\/wp\/v2\/posts"}],"about":[{"href":"https:\/\/www.nationalturk.com\/tr\/wp-json\/wp\/v2\/types\/post"}],"author":[{"embeddable":true,"href":"https:\/\/www.nationalturk.com\/tr\/wp-json\/wp\/v2\/users\/4"}],"replies":[{"embeddable":true,"href":"https:\/\/www.nationalturk.com\/tr\/wp-json\/wp\/v2\/comments?post=169769"}],"version-history":[{"count":0,"href":"https:\/\/www.nationalturk.com\/tr\/wp-json\/wp\/v2\/posts\/169769\/revisions"}],"wp:featuredmedia":[{"embeddable":true,"href":"https:\/\/www.nationalturk.com\/tr\/wp-json\/wp\/v2\/media\/173765"}],"wp:attachment":[{"href":"https:\/\/www.nationalturk.com\/tr\/wp-json\/wp\/v2\/media?parent=169769"}],"wp:term":[{"taxonomy":"category","embeddable":true,"href":"https:\/\/www.nationalturk.com\/tr\/wp-json\/wp\/v2\/categories?post=169769"},{"taxonomy":"post_tag","embeddable":true,"href":"https:\/\/www.nationalturk.com\/tr\/wp-json\/wp\/v2\/tags?post=169769"}],"curies":[{"name":"wp","href":"https:\/\/api.w.org\/{rel}","templated":true}]}}