{"id":169774,"date":"2014-07-16T12:14:54","date_gmt":"2014-07-16T09:14:54","guid":{"rendered":"http:\/\/www.nationalturk.com\/?p=169774"},"modified":"2014-07-16T12:14:54","modified_gmt":"2014-07-16T09:14:54","slug":"tarihi-karar-srebrenitsa-katliaminda-hollanda-da-kismen-suclu-169774","status":"publish","type":"post","link":"https:\/\/www.nationalturk.com\/tr\/tarihi-karar-srebrenitsa-katliaminda-hollanda-da-kismen-suclu-169774\/","title":{"rendered":"Tarihi karar! Srebrenitsa katliam\u0131nda Hollanda da k\u0131smen su\u00e7lu"},"content":{"rendered":"<p><img loading=\"lazy\" decoding=\"async\" class=\"alignleft size-medium wp-image-169775\" alt=\"Srebrenitsa\" src=\"http:\/\/www.nationalturk.com\/tr\/wp-content\/uploads\/2014\/07\/srebrenitsa_anma-280x186.jpg\" width=\"280\" height=\"186\" title=\"\" srcset=\"https:\/\/www.nationalturk.com\/tr\/wp-content\/uploads\/2014\/07\/srebrenitsa_anma-280x186.jpg 280w, https:\/\/www.nationalturk.com\/tr\/wp-content\/uploads\/2014\/07\/srebrenitsa_anma-599x400.jpg 599w, https:\/\/www.nationalturk.com\/tr\/wp-content\/uploads\/2014\/07\/srebrenitsa_anma.jpg 712w\" sizes=\"auto, (max-width: 280px) 100vw, 280px\" \/><\/p>\n<h1>Srebrenitsa&#8217;da \u00e7ocuklar\u0131 katledilen annelerin a\u00e7t\u0131\u011f\u0131 davada mahkeme, katliamdan Hollanda&#8217;n\u0131n da k\u0131smen sorumlu oldu\u011funa karar verdi.<\/h1>\n<p>Hollanda, Srebrenitsa soyk\u0131r\u0131m\u0131ndan k\u0131smen su\u00e7lu bulundu. Srebrenitsa annelerinin Srebrenika soyk\u0131r\u0131m\u0131nda hayat\u0131n\u0131 kaybedenlerden dolay\u0131 Hollanda&#8217;n\u0131n sorumlu oldu\u011funa ili\u015fkin a\u00e7t\u0131\u011f\u0131 mahkeme, Hollanda&#8217;n\u0131n k\u0131smen sorumlu oldu\u011funa h\u00fckmetti.<\/p>\n<!-- Error, Advert is not available at this time due to schedule\/geolocation restrictions! -->\n","protected":false},"excerpt":{"rendered":"<p>Srebrenitza&#8217;da \u00e7ocuklar\u0131 katledilen annelerin a\u00e7t\u0131\u011f\u0131 davada mahkeme, katliamdan Hollanda&#8217;n\u0131n da k\u0131smen sorumlu oldu\u011funa karar verdi.<\/p>\n","protected":false},"author":4,"featured_media":173764,"comment_status":"open","ping_status":"open","sticky":false,"template":"","format":"standard","meta":{"_acf_changed":false,"footnotes":""},"categories":[6770,6665,6155,5005,6202,349],"tags":[1668,35207,105524],"class_list":["post-169774","post","type-post","status-publish","format-standard","has-post-thumbnail","hentry","category-avrupa","category-dunya","category-gundem","category-manset","category-politika","category-son-dakika","tag-hollanda","tag-srebrenitsa","tag-srebrenitsa-soykirimi"],"acf":[],"_links":{"self":[{"href":"https:\/\/www.nationalturk.com\/tr\/wp-json\/wp\/v2\/posts\/169774","targetHints":{"allow":["GET"]}}],"collection":[{"href":"https:\/\/www.nationalturk.com\/tr\/wp-json\/wp\/v2\/posts"}],"about":[{"href":"https:\/\/www.nationalturk.com\/tr\/wp-json\/wp\/v2\/types\/post"}],"author":[{"embeddable":true,"href":"https:\/\/www.nationalturk.com\/tr\/wp-json\/wp\/v2\/users\/4"}],"replies":[{"embeddable":true,"href":"https:\/\/www.nationalturk.com\/tr\/wp-json\/wp\/v2\/comments?post=169774"}],"version-history":[{"count":0,"href":"https:\/\/www.nationalturk.com\/tr\/wp-json\/wp\/v2\/posts\/169774\/revisions"}],"wp:featuredmedia":[{"embeddable":true,"href":"https:\/\/www.nationalturk.com\/tr\/wp-json\/wp\/v2\/media\/173764"}],"wp:attachment":[{"href":"https:\/\/www.nationalturk.com\/tr\/wp-json\/wp\/v2\/media?parent=169774"}],"wp:term":[{"taxonomy":"category","embeddable":true,"href":"https:\/\/www.nationalturk.com\/tr\/wp-json\/wp\/v2\/categories?post=169774"},{"taxonomy":"post_tag","embeddable":true,"href":"https:\/\/www.nationalturk.com\/tr\/wp-json\/wp\/v2\/tags?post=169774"}],"curies":[{"name":"wp","href":"https:\/\/api.w.org\/{rel}","templated":true}]}}