{"id":169806,"date":"2014-07-16T16:34:44","date_gmt":"2014-07-16T13:34:44","guid":{"rendered":"http:\/\/www.nationalturk.com\/?p=169806"},"modified":"2014-07-16T16:34:44","modified_gmt":"2014-07-16T13:34:44","slug":"ekmeleddin-ihsanoglunu-destekleyen-partilere-bbp-de-eklendi-169806","status":"publish","type":"post","link":"https:\/\/www.nationalturk.com\/tr\/ekmeleddin-ihsanoglunu-destekleyen-partilere-bbp-de-eklendi-169806\/","title":{"rendered":"Ekmeleddin \u0130hsano\u011flu&#8217;nu destekleyen partilere BBP de eklendi"},"content":{"rendered":"<p><img loading=\"lazy\" decoding=\"async\" class=\"alignleft size-medium wp-image-169807\" alt=\"Mustafa Destici\" src=\"http:\/\/www.nationalturk.com\/tr\/wp-content\/uploads\/2014\/07\/mustafa_destici_basin_toplantisi-280x192.jpg\" width=\"280\" height=\"192\" title=\"\" srcset=\"https:\/\/www.nationalturk.com\/tr\/wp-content\/uploads\/2014\/07\/mustafa_destici_basin_toplantisi-280x192.jpg 280w, https:\/\/www.nationalturk.com\/tr\/wp-content\/uploads\/2014\/07\/mustafa_destici_basin_toplantisi-582x400.jpg 582w, https:\/\/www.nationalturk.com\/tr\/wp-content\/uploads\/2014\/07\/mustafa_destici_basin_toplantisi.jpg 1165w\" sizes=\"auto, (max-width: 280px) 100vw, 280px\" \/><\/p>\n<h1>B\u00fcy\u00fck Birlik Partisi (BBP)\u00a0Genel Ba\u015fkan\u0131 Mustafa Destici, partisinin yetkili kurullar\u0131nda yapt\u0131klar\u0131 isti\u015fare neticesinde Cumhurba\u015fkan\u0131 aday\u0131 Ekmeleddin \u0130hsano\u011flu&#8217;nu destekleyeceklerini a\u00e7\u0131klad\u0131.<\/h1>\n<p><span style=\"line-height: 1.5em;\">BBP Genel Merkezinde bas\u0131n toplant\u0131s\u0131 d\u00fczenleyen Mustafa Destici, se\u00e7ilecek cumhurba\u015fkan\u0131n\u0131n herkesi ve her kesimi kucaklayacak, 70 milyonun cumhurba\u015fkan\u0131 olabilecek bir ki\u015fi olmas\u0131 gerekti\u011fini belirterek &#8220;<\/span>Mevcut anayasaya, parlamenter sistemin kurallar\u0131na, prensiplerine ve team\u00fcllerine sad\u0131k, milliyet\u00e7i, maneviyat\u00e7\u0131, demokrat, hukukun \u00fcst\u00fcnl\u00fc\u011f\u00fcne tam olarak teslim olabilecek, merhum \u015fehit genel ba\u015fkan\u0131m\u0131z Muhsin Yaz\u0131c\u0131o\u011flu ve onunla birlikte hayat\u0131n\u0131 kaybeden arkada\u015flar\u0131m\u0131z\u0131n hukukuna sahip \u00e7\u0131kacak, hadisenin t\u00fcm y\u00f6nleriyle ayd\u0131nlat\u0131lmas\u0131n\u0131 ve sorumlular\u0131n\u0131n hukukun \u00f6n\u00fcne \u00e7\u0131kart\u0131larak hak ettikleri cezay\u0131 almalar\u0131n\u0131n sonuna kadar takip\u00e7isi olacak ve bunun s\u00f6z\u00fcn\u00fc net ifadelerle verecek bir cumhurba\u015fkan\u0131&#8221; diye konu\u015ftu.<\/p>\n<p>Mustafa Destici \u015f\u00f6yle devam etti:<\/p>\n<p>&#8220;\u00c7\u00f6z\u00fcm s\u00fcreci ad\u0131 alt\u0131nda \u00e7\u00f6z\u00fclme ve ayr\u0131\u015fma s\u00fcrecini durduracak, tek vatan, tek devlet, tek millet, tek dil, tek bayrak \u00fclk\u00fcs\u00fcnden asla taviz vermeyecek, t\u00fcm d\u00fcnya ile \u00fclkemizi bar\u0131\u015ft\u0131racak, kom\u015fu co\u011frafyam\u0131zda kan ve g\u00f6zya\u015f\u0131n\u0131n sona erdirilmesine \u00f6nc\u00fcl\u00fck yapacak, d\u0131\u015f T\u00fcrkler davas\u0131na sonuna kadar sahip \u00e7\u0131kacak, samimi olarak yeni, sivil ve demokratik bir anayasan\u0131n \u00f6nc\u00fcl\u00fc\u011f\u00fcn\u00fc yapacak, \u00fclkemizde giderek derinle\u015fen kampla\u015fma ve ayr\u0131\u015fmay\u0131 ortadan kald\u0131racak, uzla\u015fma k\u00fclt\u00fcr\u00fcn\u00fc esas alarak toplumda bar\u0131\u015f ve sevginin olu\u015fmas\u0131na \u00f6nc\u00fcl\u00fck edecek bir cumhurba\u015fkan\u0131.&#8221;<\/p>\n<p><span style=\"line-height: 1.5em;\">Cumhurba\u015fkan\u0131 se\u00e7iminde destek verecekleri aday\u0131 partinin t\u00fcm yetkili organlar\u0131nca ortak uzla\u015fma \u00e7er\u00e7evesinde belirlediklerini ifade eden Destici, bu do\u011frultuda Ekmeleddin \u0130hsano\u011flu\u2019nu destekleyeceklerini s\u00f6yledi.<\/span><\/p>\n<!-- Error, Advert is not available at this time due to schedule\/geolocation restrictions! -->\n","protected":false},"excerpt":{"rendered":"<p>B\u00fcy\u00fck Birlik Partisi (BBP) Genel Ba\u015fkan\u0131 Mustafa Destici, partisinin yetkili kurullar\u0131nda yapt\u0131klar\u0131 isti\u015fare neticesinde Cumhurba\u015fkan\u0131 aday\u0131 Ekmeleddin \u0130hsano\u011flu&#8217;nu destekleyeceklerini a\u00e7\u0131klad\u0131.<\/p>\n","protected":false},"author":4,"featured_media":173759,"comment_status":"open","ping_status":"open","sticky":false,"template":"","format":"standard","meta":{"_acf_changed":false,"footnotes":""},"categories":[6155,5005,6202,349,6805],"tags":[6158,164985,8517,166196,143100,166194,166195,83310],"class_list":["post-169806","post","type-post","status-publish","format-standard","has-post-thumbnail","hentry","category-gundem","category-manset","category-politika","category-son-dakika","category-turkiye","tag-bbp","tag-bbp-ekmeleddin-ihsanoglu","tag-buyuk-birlik-partisi","tag-ekmeleddin","tag-ekmeleddin-ihsanoglu","tag-ekmeleddin-ihsanoglu-destekleyen-partiler","tag-ekmeleddin-ihsanoglunu-destekleyen-partiler","tag-mustafa-destici"],"acf":[],"_links":{"self":[{"href":"https:\/\/www.nationalturk.com\/tr\/wp-json\/wp\/v2\/posts\/169806","targetHints":{"allow":["GET"]}}],"collection":[{"href":"https:\/\/www.nationalturk.com\/tr\/wp-json\/wp\/v2\/posts"}],"about":[{"href":"https:\/\/www.nationalturk.com\/tr\/wp-json\/wp\/v2\/types\/post"}],"author":[{"embeddable":true,"href":"https:\/\/www.nationalturk.com\/tr\/wp-json\/wp\/v2\/users\/4"}],"replies":[{"embeddable":true,"href":"https:\/\/www.nationalturk.com\/tr\/wp-json\/wp\/v2\/comments?post=169806"}],"version-history":[{"count":0,"href":"https:\/\/www.nationalturk.com\/tr\/wp-json\/wp\/v2\/posts\/169806\/revisions"}],"wp:featuredmedia":[{"embeddable":true,"href":"https:\/\/www.nationalturk.com\/tr\/wp-json\/wp\/v2\/media\/173759"}],"wp:attachment":[{"href":"https:\/\/www.nationalturk.com\/tr\/wp-json\/wp\/v2\/media?parent=169806"}],"wp:term":[{"taxonomy":"category","embeddable":true,"href":"https:\/\/www.nationalturk.com\/tr\/wp-json\/wp\/v2\/categories?post=169806"},{"taxonomy":"post_tag","embeddable":true,"href":"https:\/\/www.nationalturk.com\/tr\/wp-json\/wp\/v2\/tags?post=169806"}],"curies":[{"name":"wp","href":"https:\/\/api.w.org\/{rel}","templated":true}]}}