{"id":169875,"date":"2014-07-17T15:28:16","date_gmt":"2014-07-17T12:28:16","guid":{"rendered":"http:\/\/www.nationalturk.com\/?p=169875"},"modified":"2014-07-17T15:28:16","modified_gmt":"2014-07-17T12:28:16","slug":"fransiz-ve-ispanyollarin-meyve-kavgasi-169875","status":"publish","type":"post","link":"https:\/\/www.nationalturk.com\/tr\/fransiz-ve-ispanyollarin-meyve-kavgasi-169875\/","title":{"rendered":"Frans\u0131z ve \u0130spanyollar\u0131n meyve kavgas\u0131"},"content":{"rendered":"<h1><a href=\"http:\/\/www.nationalturk.com\/tr\/wp-content\/uploads\/2014\/07\/ispanya-fransa-meyve.jpg\"><img loading=\"lazy\" decoding=\"async\" class=\"aligncenter size-full wp-image-169876\" alt=\"\" src=\"http:\/\/www.nationalturk.com\/tr\/wp-content\/uploads\/2014\/07\/ispanya-fransa-meyve.jpg\" width=\"610\" height=\"403\" title=\"\" srcset=\"https:\/\/www.nationalturk.com\/tr\/wp-content\/uploads\/2014\/07\/ispanya-fransa-meyve.jpg 610w, https:\/\/www.nationalturk.com\/tr\/wp-content\/uploads\/2014\/07\/ispanya-fransa-meyve-280x184.jpg 280w, https:\/\/www.nationalturk.com\/tr\/wp-content\/uploads\/2014\/07\/ispanya-fransa-meyve-605x400.jpg 605w\" sizes=\"auto, (max-width: 610px) 100vw, 610px\" \/><\/a>\u0130spanya ile Fransa aras\u0131nda, tar\u0131m \u00fcr\u00fcnlerinin fiyatland\u0131r\u0131lmas\u0131ndan kaynaklanan tart\u0131\u015fma \u015fiddete d\u00f6n\u00fc\u015ft\u00fc. Fransas\u0131z \u00e7it\u00e7iler, d\u00fc\u015f\u00fck fiyatla meyve satt\u0131\u011f\u0131 gerek\u00e7esiyle s\u0131n\u0131rdan ge\u00e7en \u0130spanyol kamyonlar\u0131n\u0131 durdurup meyvelerini ate\u015fe verdi<\/h1>\n<p>\u0130spanyol ve Frans\u0131z bas\u0131n\u0131n\u0131n verdikleri haberlerde, \u0130spanya s\u0131n\u0131r\u0131na yak\u0131n Fransa&#8217;n\u0131n Perpinan adl\u0131 yerle\u015fim yerinden ge\u00e7en yakla\u015f\u0131k 100 ton \u015feftali y\u00fckl\u00fc 7 \u0130spanyol kamyonunun 150 kadar Frans\u0131z tar\u0131m \u00e7al\u0131\u015fan\u0131 taraf\u0131ndan durduruldu\u011fu bildirildi.<\/p>\n<p>Sabah meydana gelen olayda, 2 \u0130spanyol kamyonundaki \u015feftali y\u00fck\u00fcn\u00fc bo\u015faltt\u0131\u011f\u0131 belirtilen Frans\u0131z eylemcilerin, \u00fczerlerine gaz d\u00f6kt\u00fc\u011f\u00fc meyveleri ate\u015fe verdikleri kaydedildi.<\/p>\n<p>Frans\u0131z tar\u0131mc\u0131lar, \u0130spanyol \u00fcreticilerin \u00e7ok d\u00fc\u015f\u00fck fiyatla ihracat yapt\u0131\u011f\u0131n\u0131 ve bu y\u00fczden kendilerinin Almanya ve Bel\u00e7ika&#8217;ya meyve satamad\u0131\u011f\u0131n\u0131 savunuyor.<\/p>\n<p>Fransa Tar\u0131m Odas\u0131&#8217;n\u0131n Pirineos-Orientales b\u00f6l\u00fcm\u00fcn\u00fcn \u015fefi Michel Guallar, \u0130spanyol bas\u0131n\u0131na verdi\u011fi deme\u00e7te &#8220;Fransa, \u0130spanya&#8217;ya kar\u015f\u0131 diye bir \u015fey yok. \u0130spanyol \u00fcreticilere de kar\u015f\u0131 de\u011filiz ama bu kadar d\u00fc\u015f\u00fck fiyatla nas\u0131l \u00fcretim yap\u0131yorlar anlayam\u0131yoruz. \u0130spanya&#8217;da tar\u0131m i\u015f\u00e7ilerine \u00f6denen maa\u015flar\u0131n d\u00fc\u015f\u00fck oldu\u011funu biliyoruz ama yine de bu fiyatlarla ayakta kal\u0131namaz. Biz daha fazla kontrol ve Frans\u0131z yasalar\u0131n\u0131n uygulanmas\u0131n\u0131 istiyoruz&#8221; dedi.<\/p>\n<!-- Error, Advert is not available at this time due to schedule\/geolocation restrictions! -->\n","protected":false},"excerpt":{"rendered":"<p>\u0130spanya ile Fransa aras\u0131nda, tar\u0131m \u00fcr\u00fcnlerinin fiyatland\u0131r\u0131lmas\u0131ndan kaynaklanan tart\u0131\u015fma \u015fiddete d\u00f6n\u00fc\u015ft\u00fc.<\/p>\n","protected":false},"author":3,"featured_media":169876,"comment_status":"open","ping_status":"open","sticky":false,"template":"","format":"standard","meta":{"_acf_changed":false,"footnotes":""},"categories":[6770,6665,6199,6155,5005],"tags":[17,15,68645,80527,167680],"class_list":["post-169875","post","type-post","status-publish","format-standard","has-post-thumbnail","hentry","category-avrupa","category-dunya","category-ekonomi","category-gundem","category-manset","tag-fransa","tag-ispanya","tag-ispanya-ekonomi","tag-ispanya-fransa","tag-meyve-fiyatlari"],"acf":[],"_links":{"self":[{"href":"https:\/\/www.nationalturk.com\/tr\/wp-json\/wp\/v2\/posts\/169875","targetHints":{"allow":["GET"]}}],"collection":[{"href":"https:\/\/www.nationalturk.com\/tr\/wp-json\/wp\/v2\/posts"}],"about":[{"href":"https:\/\/www.nationalturk.com\/tr\/wp-json\/wp\/v2\/types\/post"}],"author":[{"embeddable":true,"href":"https:\/\/www.nationalturk.com\/tr\/wp-json\/wp\/v2\/users\/3"}],"replies":[{"embeddable":true,"href":"https:\/\/www.nationalturk.com\/tr\/wp-json\/wp\/v2\/comments?post=169875"}],"version-history":[{"count":0,"href":"https:\/\/www.nationalturk.com\/tr\/wp-json\/wp\/v2\/posts\/169875\/revisions"}],"wp:featuredmedia":[{"embeddable":true,"href":"https:\/\/www.nationalturk.com\/tr\/wp-json\/wp\/v2\/media\/169876"}],"wp:attachment":[{"href":"https:\/\/www.nationalturk.com\/tr\/wp-json\/wp\/v2\/media?parent=169875"}],"wp:term":[{"taxonomy":"category","embeddable":true,"href":"https:\/\/www.nationalturk.com\/tr\/wp-json\/wp\/v2\/categories?post=169875"},{"taxonomy":"post_tag","embeddable":true,"href":"https:\/\/www.nationalturk.com\/tr\/wp-json\/wp\/v2\/tags?post=169875"}],"curies":[{"name":"wp","href":"https:\/\/api.w.org\/{rel}","templated":true}]}}