{"id":170099,"date":"2014-07-21T15:32:46","date_gmt":"2014-07-21T12:32:46","guid":{"rendered":"http:\/\/www.nationalturk.com\/?p=170099"},"modified":"2014-07-21T15:32:46","modified_gmt":"2014-07-21T12:32:46","slug":"bakandan-iddiali-aciklama-istanbulda-su-sorunu-yok-170099","status":"publish","type":"post","link":"https:\/\/www.nationalturk.com\/tr\/bakandan-iddiali-aciklama-istanbulda-su-sorunu-yok-170099\/","title":{"rendered":"Bakandan iddial\u0131 a\u00e7\u0131klama: \u0130stanbul&#8217;da su sorunu yok"},"content":{"rendered":"<p><img loading=\"lazy\" decoding=\"async\" class=\"alignnone size-large wp-image-170110\" alt=\"\u0130stanbul kurakl\u0131k\" src=\"http:\/\/www.nationalturk.com\/tr\/wp-content\/uploads\/2014\/07\/kuraklik_istanbul_923472-610x355.jpg\" width=\"610\" height=\"355\" title=\"\" srcset=\"https:\/\/www.nationalturk.com\/tr\/wp-content\/uploads\/2014\/07\/kuraklik_istanbul_923472-610x355.jpg 610w, https:\/\/www.nationalturk.com\/tr\/wp-content\/uploads\/2014\/07\/kuraklik_istanbul_923472-280x163.jpg 280w, https:\/\/www.nationalturk.com\/tr\/wp-content\/uploads\/2014\/07\/kuraklik_istanbul_923472.jpg 1047w\" sizes=\"auto, (max-width: 610px) 100vw, 610px\" \/><\/p>\n<h1>Orman ve Su \u0130\u015fleri Bakan\u0131 Veysel Ero\u011flu, \u0130stanbul&#8217;da \u015fu an i\u00e7in i\u00e7me suyu s\u0131k\u0131nt\u0131s\u0131 bulunmad\u0131\u011f\u0131n\u0131 iddia ederek barajlardan dip suyunun \u00e7ekildi\u011fi y\u00f6n\u00fcndeki haberleri de yalanlad\u0131.<\/h1>\n<p>Veysel\u00a0Ero\u011flu, AA muhabirine yapt\u0131\u011f\u0131 a\u00e7\u0131klamada, bu y\u0131l\u0131n ba\u015flang\u0131c\u0131nda ya\u011f\u0131\u015f konusunda bir azalma oldu\u011funu ifade ederek, o d\u00f6nemlerde barajlarda y\u00fczde 30 civar\u0131nda bir d\u00fc\u015f\u00fc\u015f g\u00f6r\u00fcld\u00fc\u011f\u00fcn\u00fc aktard\u0131.<\/p>\n<p>Ancak ald\u0131klar\u0131 tedbirlerle ya\u011f\u0131\u015flar\u0131n az oldu\u011fu bu d\u00f6nemlerde \u00fclkede sulama, enerji ve i\u00e7mesuyu konusunda problem ya\u015famad\u0131klar\u0131n\u0131 vurgulayan Ero\u011flu, &#8220;Son d\u00f6nemdeki 10 May\u0131s-20 Temmuz aras\u0131ndaki ya\u011f\u0131\u015f miktar\u0131na bakt\u0131\u011f\u0131m\u0131zda uzun y\u0131llar ortalamas\u0131n\u0131n \u00fczerinde bir ya\u011f\u0131\u015f ald\u0131k. Bu ya\u011f\u0131\u015flar\u0131n da barajlar\u0131m\u0131za dolay\u0131s\u0131yla etkisi oldu&#8221; de\u011ferlendirmesinde bulundu.<\/p>\n<p>\u0130stanbul&#8217;daki i\u00e7mesuyu konusunda da her t\u00fcrl\u00fc tedbiri ald\u0131klar\u0131n\u0131 belirten Ero\u011flu, \u015funlar\u0131 kaydetti:<\/p>\n<p>&#8220;\u015eu an i\u00e7in \u0130stanbul&#8217;da bu konuda hi\u00e7bir s\u0131k\u0131nt\u0131 yok. Kendi tecr\u00fcbelerimizle ve \u00e7al\u0131\u015fmalar\u0131m\u0131zla \u0130stanbul&#8217;u kesinlikle susuz b\u0131rakmayaca\u011f\u0131z. \u0130stanbul i\u00e7in A, B, C planlar\u0131m\u0131z var. Son olarak B plan\u0131n\u0131 devreye ald\u0131k. Melen&#8217;den \u0130stanbul&#8217;a suyu aktard\u0131k. \u015eu an i\u00e7in ihtiya\u00e7 yok ama gerekirse C plan\u0131n\u0131 da devreye al\u0131r\u0131z. \u0130stanbul&#8217;un 2,5-3 ay suyu kald\u0131\u011f\u0131na dair iddialar var. Bu do\u011fru de\u011fil.<\/p>\n<p>Ge\u00e7mi\u015fte insanlar geceleri k\u0131s\u0131tl\u0131 verilen suyu bidonlara dolduruyordu. K\u00fcvetler dahi suyla dolduruluyor suyun olmad\u0131\u011f\u0131 zamanlarda buralardan kullan\u0131l\u0131yordu. Her apartmana su deposu yap\u0131l\u0131yordu ve bu ciddi bir maliyet getiriyordu. Ben \u0130stanbul&#8217;da \u0130SK\u0130 Genel M\u00fcd\u00fcr\u00fc oldu\u011fum zaman \u0130SK\u0130 bitmi\u015f, t\u00fckenmi\u015f bir kurum halindeydi. B\u00fct\u00fcn bu olumsuzluklara ra\u011fmen b\u00fcy\u00fck bir \u00e7aba sarf ederek \u0130stanbul&#8217;un su s\u0131k\u0131nt\u0131s\u0131n\u0131 ortadan kald\u0131rd\u0131k. \u0130stanbul&#8217;da yedi dereyi Terkos&#8217;a ba\u011flad\u0131k. \u0130kitelli&#8217;de \u00e7ok modern bir ar\u0131tma tesisi yap\u0131ld\u0131. 3 tane dev merkez ile suyun \u0130stanbul&#8217;a da\u011f\u0131t\u0131m\u0131n\u0131 sa\u011fl\u0131yoruz.&#8221;<\/p>\n<p><span style=\"line-height: 1.5em;\">Son g\u00fcnlerde \u0130stanbul&#8217;daki i\u00e7mesular\u0131nda koku oldu\u011funa y\u00f6nelik s\u00f6ylemler oldu\u011funa dikkati \u00e7eken Ero\u011flu, &#8220;Bu koku yosunlardan kaynaklan\u0131yor olabilir. Ancak barajlar\u0131n dip suyunu \u015fu an i\u00e7in kesinlikle kullanm\u0131yoruz. Dolay\u0131s\u0131 ile i\u00e7me sular\u0131nda a\u011f\u0131r metal durumlar\u0131 s\u00f6z konusu de\u011fil. Keza \u00e7ok modern ar\u0131tma tesislerine sahibiz ve bu a\u011f\u0131r metallerin \u00f6l\u00e7\u00fcmleri yap\u0131l\u0131yor&#8221; ifadesini kulland\u0131.<\/span><\/p>\n<p>&#8220;\u0130stanbullular rahat olsun, sa\u011fl\u0131k a\u00e7\u0131s\u0131ndan hi\u00e7bir s\u0131k\u0131nt\u0131 yok&#8221; diyen Ero\u011flu, buna ili\u015fkin gerekli tedbirlerin ve numunelerin al\u0131nd\u0131\u011f\u0131n\u0131 dile getirdi.<\/p>\n<p>T\u00fcrkiye genelinde de hi\u00e7bir \u015fehri susuz b\u0131rakmad\u0131klar\u0131n\u0131n alt\u0131n\u0131 \u00e7izen Ero\u011flu, 76 \u015fehrin uzun vadeli i\u00e7mesuyu problemlerini \u00e7\u00f6zd\u00fcklerini anlatt\u0131.<\/p>\n<p>Ero\u011flu, &#8220;E\u011fer biz bu \u00e7al\u0131\u015fmalar\u0131 yapmasayd\u0131k bu \u015fehirlerimiz \u015fuan susuzdu. Ayr\u0131ca biz bu \u00e7al\u0131\u015fmalar\u0131 yaparken k\u0131sa vadeli de\u011fil uzun vadeli d\u00fc\u015f\u00fcn\u00fcyoruz. O \u015fehirlerin 40-50 y\u0131l sonraki n\u00fcfuslar\u0131n\u0131 da hesaplayarak ona g\u00f6re bir strateji belirliyor ve \u00e7al\u0131\u015fmalar\u0131m\u0131z\u0131 y\u00fcr\u00fct\u00fcyoruz&#8221; dedi.<\/p>\n<p>-&#8220;Ankara ve \u0130zmir&#8217;de de s\u0131k\u0131nt\u0131 yok&#8221;<\/p>\n<p>Ankara&#8217;da \u015fuan i\u00e7in kesinlikle su s\u0131k\u0131nt\u0131s\u0131 ya\u015fanmad\u0131\u011f\u0131n\u0131 vurgulayan Ero\u011flu, \u015fu bilgileri verdi:<\/p>\n<p>&#8220;\u00c7aml\u0131dere Baraj\u0131&#8217;nda yeteri kadar suyumuz var. K\u0131z\u0131l\u0131rmak&#8217;\u0131 bile devreye almad\u0131k. Ayr\u0131ca seneye Gerede&#8217;nin suyunu Ankara&#8217;ya getirece\u011fiz. \u00c7al\u0131\u015fmalar\u0131m\u0131z b\u00fct\u00fcn h\u0131z\u0131yla s\u00fcr\u00fcyor. Keza \u0130zmir&#8217;de de G\u00f6rdes Baraj\u0131&#8217;n\u0131 in\u015fa ettik ve i\u00e7inden otomobil ge\u00e7ebilen borularla suyu \u0130zmir&#8217;e ak\u0131tt\u0131k. Hat\u0131rlay\u0131n o d\u00f6nemler \u0130zmir&#8217;in suyunun arsenikli oldu\u011fu s\u00f6yleniyordu. Biz bunun da \u00f6n\u00fcne ge\u00e7tik. \u0130zmir&#8217;in de su s\u0131k\u0131nt\u0131s\u0131 bulunmuyor.&#8221;<\/p>\n<p>Sapanca G\u00f6l\u00fc\u2019nde de hi\u00e7bir problemin ya\u015fanmad\u0131\u011f\u0131na de\u011finen Ero\u011flu, Sapanca G\u00f6l\u00fc&#8217;nden ve baz\u0131 kuyulardan al\u0131nan sularla Kocaeli ve Sapanca&#8217;ya i\u00e7mesuyu sa\u011flad\u0131klar\u0131n\u0131 belirtti.<\/p>\n<p>Ero\u011flu, g\u00f6ldeki su seviyelerinde herhangi bir s\u0131k\u0131nt\u0131 bulunmad\u0131\u011f\u0131n\u0131 dile getirerek, son ya\u011fmurlar\u0131n, Sapanca G\u00f6l\u00fc&#8217;ne de faydas\u0131 oldu\u011funu aktard\u0131.<\/p>\n<p>-&#8220;Orman yang\u0131nlar\u0131na kar\u015f\u0131 vatanda\u015flar\u0131m\u0131z hassas olmal\u0131&#8221;<\/p>\n<p>Orman yang\u0131nlar\u0131 konusunda da vatanda\u015flar\u0131 uyaran Ero\u011flu, \u015f\u00f6yle devam etti:<\/p>\n<p>&#8220;Temmuz ve a\u011fustos aylar\u0131 orman yang\u0131nlar\u0131 konusunda \u00e7ok kritik aylar. Ormanlar hepimizin ve oksijen kayna\u011f\u0131 bak\u0131m\u0131ndan \u00e7ok \u00f6nemli e\u011fer ormanlar olmasayd\u0131 \u00e7\u00f6lle\u015fmeyle kar\u015f\u0131 kar\u015f\u0131ya kal\u0131rd\u0131k. Bu y\u00fczden ormanlar\u0131n k\u0131ymetini bilelim l\u00fczumsuz yere piknik yap\u0131p ate\u015f yakmayal\u0131m. Di\u011fer yandan benim imzamla valiliklere yaz\u0131 g\u00f6nderdik ve baz\u0131 alanlar\u0131 pikni\u011fe kapatt\u0131k. Bu alanlar \u00e7ok hassas ve adeta patlamaya haz\u0131r bir bomba gibi. Emniyet tedbirleri ile bu alanlar\u0131 pikni\u011fe kapatt\u0131k. Vatanda\u015flar\u0131m\u0131z da bu konuda duyarl\u0131 olmal\u0131 ve \u00fccretsiz ALO 177 Orman Yang\u0131n\u0131 hatt\u0131n\u0131 aramal\u0131.&#8221;<\/p>\n<p>Ge\u00e7ti\u011fimiz g\u00fcnlerde Adrasan&#8217;da ya\u015fanan orman yang\u0131n\u0131na da de\u011finen Ero\u011flu, &#8220;\u015eu an orada a\u011fa\u00e7land\u0131rma haz\u0131rl\u0131klar\u0131 i\u00e7in \u00e7al\u0131\u015fmalar\u0131m\u0131z\u0131 ba\u015flatt\u0131k. Eyl\u00fcl-ekim aylar\u0131 gibi a\u011fa\u00e7land\u0131rma \u00e7al\u0131\u015fmas\u0131n\u0131 ba\u015flataca\u011f\u0131z. Yanan alanlar\u0131n imara a\u00e7\u0131laca\u011f\u0131 gibi s\u00f6ylentiler kesinlikle as\u0131ls\u0131zd\u0131r. Yanan bir metre kare alan bile kesinlikle ba\u015fka bir i\u015f i\u00e7in kulland\u0131r\u0131lmayacak, bu alanlar\u0131n tamam\u0131 tekrar a\u011fa\u00e7land\u0131r\u0131lacak&#8221; ifadesini kulland\u0131.<\/p>\n<!-- Error, Advert is not available at this time due to schedule\/geolocation restrictions! -->\n","protected":false},"excerpt":{"rendered":"<p>Orman ve Su \u0130\u015fleri Bakan\u0131 Veysel Ero\u011flu, \u0130stanbul&#8217;da \u015fu an i\u00e7in i\u00e7me suyu s\u0131k\u0131nt\u0131s\u0131 bulunmad\u0131\u011f\u0131n\u0131 iddia ederek barajlardan dip suyunun \u00e7ekildi\u011fi y\u00f6n\u00fcndeki haberleri de yalanlad\u0131.<\/p>\n","protected":false},"author":4,"featured_media":173709,"comment_status":"open","ping_status":"open","sticky":false,"template":"","format":"standard","meta":{"_acf_changed":false,"footnotes":""},"categories":[6155,5005,6202,6805],"tags":[1688,1011,154583,151144,1681,50585,5585,651,88221],"class_list":["post-170099","post","type-post","status-publish","format-standard","has-post-thumbnail","hentry","category-gundem","category-manset","category-politika","category-turkiye","tag-ankara","tag-istanbul","tag-istanbul-barajlari","tag-istanbul-kuraklik","tag-izmir","tag-kizilirmak","tag-kocaeli","tag-sapanca","tag-sapanca-golu"],"acf":[],"_links":{"self":[{"href":"https:\/\/www.nationalturk.com\/tr\/wp-json\/wp\/v2\/posts\/170099","targetHints":{"allow":["GET"]}}],"collection":[{"href":"https:\/\/www.nationalturk.com\/tr\/wp-json\/wp\/v2\/posts"}],"about":[{"href":"https:\/\/www.nationalturk.com\/tr\/wp-json\/wp\/v2\/types\/post"}],"author":[{"embeddable":true,"href":"https:\/\/www.nationalturk.com\/tr\/wp-json\/wp\/v2\/users\/4"}],"replies":[{"embeddable":true,"href":"https:\/\/www.nationalturk.com\/tr\/wp-json\/wp\/v2\/comments?post=170099"}],"version-history":[{"count":0,"href":"https:\/\/www.nationalturk.com\/tr\/wp-json\/wp\/v2\/posts\/170099\/revisions"}],"wp:featuredmedia":[{"embeddable":true,"href":"https:\/\/www.nationalturk.com\/tr\/wp-json\/wp\/v2\/media\/173709"}],"wp:attachment":[{"href":"https:\/\/www.nationalturk.com\/tr\/wp-json\/wp\/v2\/media?parent=170099"}],"wp:term":[{"taxonomy":"category","embeddable":true,"href":"https:\/\/www.nationalturk.com\/tr\/wp-json\/wp\/v2\/categories?post=170099"},{"taxonomy":"post_tag","embeddable":true,"href":"https:\/\/www.nationalturk.com\/tr\/wp-json\/wp\/v2\/tags?post=170099"}],"curies":[{"name":"wp","href":"https:\/\/api.w.org\/{rel}","templated":true}]}}