{"id":170286,"date":"2014-07-24T11:04:58","date_gmt":"2014-07-24T08:04:58","guid":{"rendered":"http:\/\/www.nationalturk.com\/?p=170286"},"modified":"2014-07-24T11:04:58","modified_gmt":"2014-07-24T08:04:58","slug":"adanada-vahset-yuruyus-yolunda-bogazi-kesilmis-kadin-cesedi-bulundu-170286","status":"publish","type":"post","link":"https:\/\/www.nationalturk.com\/tr\/adanada-vahset-yuruyus-yolunda-bogazi-kesilmis-kadin-cesedi-bulundu-170286\/","title":{"rendered":"Adana&#8217;da vah\u015fet! Y\u00fcr\u00fcy\u00fc\u015f yolunda bo\u011faz\u0131 kesilmi\u015f kad\u0131n cesedi bulundu"},"content":{"rendered":"<p><img loading=\"lazy\" decoding=\"async\" class=\"alignnone size-large wp-image-170287\" alt=\"Adana kad\u0131n cesedi\" src=\"http:\/\/www.nationalturk.com\/tr\/wp-content\/uploads\/2014\/07\/adana_kadin_cesedi-600x400.jpg\" width=\"600\" height=\"400\" title=\"\" srcset=\"https:\/\/www.nationalturk.com\/tr\/wp-content\/uploads\/2014\/07\/adana_kadin_cesedi-600x400.jpg 600w, https:\/\/www.nationalturk.com\/tr\/wp-content\/uploads\/2014\/07\/adana_kadin_cesedi-280x186.jpg 280w, https:\/\/www.nationalturk.com\/tr\/wp-content\/uploads\/2014\/07\/adana_kadin_cesedi.jpg 1200w\" sizes=\"auto, (max-width: 600px) 100vw, 600px\" \/><\/p>\n<h1>Adana&#8217;da Seyhan Nehri k\u0131y\u0131s\u0131ndaki y\u00fcr\u00fcy\u00fc\u015f yolu kenar\u0131nda bo\u011faz\u0131 kesilip b\u0131\u00e7aklanm\u0131\u015f halde kad\u0131n cesedi bulundu. Kad\u0131n\u0131n \u00fczerinden kimlik \u00e7\u0131kmad\u0131.<\/h1>\n<p>Edinilen bilgilere g\u00f6re Adana Seyhan Nehri kenar\u0131ndaki yolda y\u00fcr\u00fcy\u00fc\u015f yaparken bir kad\u0131n\u0131n hareketsiz yatt\u0131\u011f\u0131n\u0131 g\u00f6ren vatanda\u015flar, polise haber verdi.\u00a0Polis ekipleri, kad\u0131n\u0131n, bo\u011faz\u0131 kesilip b\u0131\u00e7aklanarak \u00f6ld\u00fcr\u00fcld\u00fc\u011f\u00fcn\u00fc, s\u0131rt\u0131nda sapl\u0131 halde sap\u0131 k\u0131r\u0131lm\u0131\u015f meyve b\u0131\u00e7a\u011f\u0131 bulundu\u011funu tespit etti.\u00a0\u00dczerinden kimlik \u00e7\u0131kmayan 35-40 ya\u015flar\u0131ndaki ceset, Adana Adli T\u0131p Kurumu morguna g\u00f6t\u00fcr\u00fcld\u00fc.\u00a0Olayla ilgili soru\u015fturma ba\u015flat\u0131ld\u0131.<\/p>\n<!-- Error, Advert is not available at this time due to schedule\/geolocation restrictions! -->\n","protected":false},"excerpt":{"rendered":"<p>Adana&#8217;da Seyhan Nehri k\u0131y\u0131s\u0131ndaki y\u00fcr\u00fcy\u00fc\u015f yolu kenar\u0131nda bo\u011faz\u0131 kesilip b\u0131\u00e7aklanm\u0131\u015f halde kad\u0131n cesedi bulundu. Kad\u0131n\u0131n \u00fczerinden kimlik \u00e7\u0131kmad\u0131.<\/p>\n","protected":false},"author":4,"featured_media":173677,"comment_status":"open","ping_status":"open","sticky":false,"template":"","format":"standard","meta":{"_acf_changed":false,"footnotes":""},"categories":[6155,5005,6805],"tags":[2933,56629],"class_list":["post-170286","post","type-post","status-publish","format-standard","has-post-thumbnail","hentry","category-gundem","category-manset","category-turkiye","tag-adana","tag-seyhan"],"acf":[],"_links":{"self":[{"href":"https:\/\/www.nationalturk.com\/tr\/wp-json\/wp\/v2\/posts\/170286","targetHints":{"allow":["GET"]}}],"collection":[{"href":"https:\/\/www.nationalturk.com\/tr\/wp-json\/wp\/v2\/posts"}],"about":[{"href":"https:\/\/www.nationalturk.com\/tr\/wp-json\/wp\/v2\/types\/post"}],"author":[{"embeddable":true,"href":"https:\/\/www.nationalturk.com\/tr\/wp-json\/wp\/v2\/users\/4"}],"replies":[{"embeddable":true,"href":"https:\/\/www.nationalturk.com\/tr\/wp-json\/wp\/v2\/comments?post=170286"}],"version-history":[{"count":0,"href":"https:\/\/www.nationalturk.com\/tr\/wp-json\/wp\/v2\/posts\/170286\/revisions"}],"wp:featuredmedia":[{"embeddable":true,"href":"https:\/\/www.nationalturk.com\/tr\/wp-json\/wp\/v2\/media\/173677"}],"wp:attachment":[{"href":"https:\/\/www.nationalturk.com\/tr\/wp-json\/wp\/v2\/media?parent=170286"}],"wp:term":[{"taxonomy":"category","embeddable":true,"href":"https:\/\/www.nationalturk.com\/tr\/wp-json\/wp\/v2\/categories?post=170286"},{"taxonomy":"post_tag","embeddable":true,"href":"https:\/\/www.nationalturk.com\/tr\/wp-json\/wp\/v2\/tags?post=170286"}],"curies":[{"name":"wp","href":"https:\/\/api.w.org\/{rel}","templated":true}]}}