{"id":170535,"date":"2014-07-29T11:42:06","date_gmt":"2014-07-29T08:42:06","guid":{"rendered":"http:\/\/www.nationalturk.com\/?p=170535"},"modified":"2014-07-29T11:42:06","modified_gmt":"2014-07-29T08:42:06","slug":"rotasini-yunan-adalari-cevirdi-170535","status":"publish","type":"post","link":"https:\/\/www.nationalturk.com\/tr\/rotasini-yunan-adalari-cevirdi-170535\/","title":{"rendered":"Rotas\u0131n\u0131 Yunan Adalar\u0131\u2019na \u00e7evirdi"},"content":{"rendered":"<h1><a href=\"http:\/\/www.nationalturk.com\/tr\/wp-content\/uploads\/2014\/07\/pinar-altug-tatil.jpg\"><img loading=\"lazy\" decoding=\"async\" class=\"aligncenter size-full wp-image-170536\" alt=\"\" src=\"http:\/\/www.nationalturk.com\/tr\/wp-content\/uploads\/2014\/07\/pinar-altug-tatil.jpg\" width=\"610\" height=\"405\" title=\"\" srcset=\"https:\/\/www.nationalturk.com\/tr\/wp-content\/uploads\/2014\/07\/pinar-altug-tatil.jpg 610w, https:\/\/www.nationalturk.com\/tr\/wp-content\/uploads\/2014\/07\/pinar-altug-tatil-280x185.jpg 280w, https:\/\/www.nationalturk.com\/tr\/wp-content\/uploads\/2014\/07\/pinar-altug-tatil-602x400.jpg 602w\" sizes=\"auto, (max-width: 610px) 100vw, 610px\" \/><\/a>\u015eu s\u0131ralar Bodrum&#8217;da tatil yapan \u00fcnl\u00fc oyuncu P\u0131nar Altu\u011f, Yunanistan&#8217;a gidiyor.<\/h1>\n<p>Fox TV&#8217;de yeniden yay\u0131nlanmaya ba\u015flayan \u00c7ocuklar Duymas\u0131n dizisinin ba\u015frol oyuncusu P\u0131nar Altu\u011f\u00a0yo\u011fun bir sezonun ard\u0131ndan e\u015fi ve k\u0131z\u0131yla birlikte uzun bir tatile \u00e7\u0131kt\u0131. \u00a0H2O adl\u0131 teknesini Bodrum Cennet Koyu&#8217;nda demirleyen Altu\u011f, \u00f6n\u00fcm\u00fczdeki g\u00fcnlerde Yunan Adalar\u0131&#8217;na gidecek.<\/p>\n<p>A\u011fustos ortas\u0131nda \u0130stanbul&#8217;a d\u00f6nmeyi planlayan g\u00fczel oyuncu, dizi \u00e7ekimi i\u00e7in kamera kar\u015f\u0131s\u0131na ge\u00e7ecek.<\/p>\n<!-- Error, Advert is not available at this time due to schedule\/geolocation restrictions! -->\n","protected":false},"excerpt":{"rendered":"<p>\u015eu s\u0131ralar Bodrum&#8217;da tatil yapan \u00fcnl\u00fc oyuncu P\u0131nar Altu\u011f, Yunanistan&#8217;a gidiyor.<\/p>\n","protected":false},"author":3,"featured_media":170536,"comment_status":"open","ping_status":"open","sticky":false,"template":"","format":"standard","meta":{"_acf_changed":false,"footnotes":""},"categories":[6232,6671],"tags":[6927,77007,11,35,37],"class_list":["post-170535","post","type-post","status-publish","format-standard","has-post-thumbnail","hentry","category-magazin","category-seyahat","tag-pinar-altug","tag-pinar-altug-bodrum","tag-yunan-adalari","tag-yunan-adalari-tatil","tag-yunan-adalari-turu"],"acf":[],"_links":{"self":[{"href":"https:\/\/www.nationalturk.com\/tr\/wp-json\/wp\/v2\/posts\/170535","targetHints":{"allow":["GET"]}}],"collection":[{"href":"https:\/\/www.nationalturk.com\/tr\/wp-json\/wp\/v2\/posts"}],"about":[{"href":"https:\/\/www.nationalturk.com\/tr\/wp-json\/wp\/v2\/types\/post"}],"author":[{"embeddable":true,"href":"https:\/\/www.nationalturk.com\/tr\/wp-json\/wp\/v2\/users\/3"}],"replies":[{"embeddable":true,"href":"https:\/\/www.nationalturk.com\/tr\/wp-json\/wp\/v2\/comments?post=170535"}],"version-history":[{"count":0,"href":"https:\/\/www.nationalturk.com\/tr\/wp-json\/wp\/v2\/posts\/170535\/revisions"}],"wp:featuredmedia":[{"embeddable":true,"href":"https:\/\/www.nationalturk.com\/tr\/wp-json\/wp\/v2\/media\/170536"}],"wp:attachment":[{"href":"https:\/\/www.nationalturk.com\/tr\/wp-json\/wp\/v2\/media?parent=170535"}],"wp:term":[{"taxonomy":"category","embeddable":true,"href":"https:\/\/www.nationalturk.com\/tr\/wp-json\/wp\/v2\/categories?post=170535"},{"taxonomy":"post_tag","embeddable":true,"href":"https:\/\/www.nationalturk.com\/tr\/wp-json\/wp\/v2\/tags?post=170535"}],"curies":[{"name":"wp","href":"https:\/\/api.w.org\/{rel}","templated":true}]}}