{"id":170667,"date":"2014-08-01T10:51:33","date_gmt":"2014-08-01T07:51:33","guid":{"rendered":"http:\/\/www.nationalturk.com\/?p=170667"},"modified":"2014-08-01T10:51:33","modified_gmt":"2014-08-01T07:51:33","slug":"gazzede-3-gunluk-ateskes-basladi-170667","status":"publish","type":"post","link":"https:\/\/www.nationalturk.com\/tr\/gazzede-3-gunluk-ateskes-basladi-170667\/","title":{"rendered":"Gazze&#8217;de 3 g\u00fcnl\u00fck ate\u015fkes ba\u015flad\u0131"},"content":{"rendered":"<p><img loading=\"lazy\" decoding=\"async\" class=\"alignnone size-large wp-image-170668\" alt=\"Gazze\" src=\"http:\/\/www.nationalturk.com\/tr\/wp-content\/uploads\/2014\/08\/gazze_bebek-600x400.jpg\" width=\"600\" height=\"400\" title=\"\" srcset=\"https:\/\/www.nationalturk.com\/tr\/wp-content\/uploads\/2014\/08\/gazze_bebek-600x400.jpg 600w, https:\/\/www.nationalturk.com\/tr\/wp-content\/uploads\/2014\/08\/gazze_bebek-280x186.jpg 280w, https:\/\/www.nationalturk.com\/tr\/wp-content\/uploads\/2014\/08\/gazze_bebek.jpg 1200w\" sizes=\"auto, (max-width: 600px) 100vw, 600px\" \/><\/p>\n<h1>Gazze&#8217;deki Filistinli gruplar ile \u0130srail aras\u0131nda ilan edilen 72 saatlik insani yard\u0131m ama\u00e7l\u0131 ate\u015fkes bu sabah saat 08.00 itibariyle ba\u015flad\u0131.<\/h1>\n<p>Ate\u015fkesin uygulamaya girmesinin ard\u0131ndan ilk 40 dakikada ihlal tespit edilmedi\u011fi kaydedildi.<\/p>\n<p>Bu arada, \u0130srail taraf\u0131ndan ate\u015fkesle ilgili ilk resmi a\u00e7\u0131klamada yap\u0131ld\u0131. \u0130srail Ba\u015fbakanl\u0131k S\u00f6zc\u00fcs\u00fc Ofir Gendelman, sosyal payla\u015f\u0131m sitesindeki hesab\u0131nda, &#8220;\u0130srail, Birle\u015fmi\u015f Milletler ve ABD&#8217;nin \u00f6nerdi\u011fi 72 saatlik ate\u015fkes konusunda anla\u015fmaya vard\u0131&#8221; ifadesini kulland\u0131.<\/p>\n<p>BM Genel Sekreteri Ban Ki-mun ve ABD D\u0131\u015fi\u015fleri Bakan\u0131 John Kerry, yapt\u0131klar\u0131 ortak yaz\u0131l\u0131 a\u00e7\u0131klamada, \u0130srail ile Hamas aras\u0131nda \u00fc\u00e7 g\u00fcnl\u00fck insani yard\u0131m ama\u00e7l\u0131 ate\u015fkes sa\u011flanmas\u0131 konusunda anla\u015fmaya var\u0131ld\u0131\u011f\u0131n\u0131 duyurmu\u015ftu.<\/p>\n<p>Hamas S\u00f6zc\u00fcs\u00fc Sami Ebu Z\u00fchri de AA muhabirine yapt\u0131\u011f\u0131 a\u00e7\u0131klamada, BM arabuluculu\u011funda 72 saatlik ate\u015fkes konusunda anla\u015fmaya var\u0131ld\u0131\u011f\u0131n\u0131 bildirmi\u015fti.<\/p>\n<p>M\u0131s\u0131r, bunun \u00fczerine \u0130srail ve Filistin&#8217;e, m\u00fczakereci heyetlerini Kahire&#8217;ye g\u00f6ndermeleri \u00e7a\u011fr\u0131s\u0131nda bulunmu\u015ftu.<\/p>\n<!-- Error, Advert is not available at this time due to schedule\/geolocation restrictions! -->\n","protected":false},"excerpt":{"rendered":"<p>Gazze&#8217;deki Filistinli gruplar ile \u0130srail aras\u0131nda ilan edilen 72 saatlik insani yard\u0131m ama\u00e7l\u0131 ate\u015fkes bu sabah saat 08.00 itibariyle ba\u015flad\u0131.<\/p>\n","protected":false},"author":4,"featured_media":173616,"comment_status":"open","ping_status":"open","sticky":false,"template":"","format":"standard","meta":{"_acf_changed":false,"footnotes":""},"categories":[6665,6155,5005,6772,6202],"tags":[167386,168689,168691,1555,167387,28275,19764,168690],"class_list":["post-170667","post","type-post","status-publish","format-standard","has-post-thumbnail","hentry","category-dunya","category-gundem","category-manset","category-ortadogu","category-politika","tag-gazze-ateskes","tag-gazzede-ateskes","tag-gendelman","tag-israil","tag-israil-ateskes","tag-israil-gazze","tag-israil-gazze-saldiri","tag-ofir-gendelman"],"acf":[],"_links":{"self":[{"href":"https:\/\/www.nationalturk.com\/tr\/wp-json\/wp\/v2\/posts\/170667","targetHints":{"allow":["GET"]}}],"collection":[{"href":"https:\/\/www.nationalturk.com\/tr\/wp-json\/wp\/v2\/posts"}],"about":[{"href":"https:\/\/www.nationalturk.com\/tr\/wp-json\/wp\/v2\/types\/post"}],"author":[{"embeddable":true,"href":"https:\/\/www.nationalturk.com\/tr\/wp-json\/wp\/v2\/users\/4"}],"replies":[{"embeddable":true,"href":"https:\/\/www.nationalturk.com\/tr\/wp-json\/wp\/v2\/comments?post=170667"}],"version-history":[{"count":0,"href":"https:\/\/www.nationalturk.com\/tr\/wp-json\/wp\/v2\/posts\/170667\/revisions"}],"wp:featuredmedia":[{"embeddable":true,"href":"https:\/\/www.nationalturk.com\/tr\/wp-json\/wp\/v2\/media\/173616"}],"wp:attachment":[{"href":"https:\/\/www.nationalturk.com\/tr\/wp-json\/wp\/v2\/media?parent=170667"}],"wp:term":[{"taxonomy":"category","embeddable":true,"href":"https:\/\/www.nationalturk.com\/tr\/wp-json\/wp\/v2\/categories?post=170667"},{"taxonomy":"post_tag","embeddable":true,"href":"https:\/\/www.nationalturk.com\/tr\/wp-json\/wp\/v2\/tags?post=170667"}],"curies":[{"name":"wp","href":"https:\/\/api.w.org\/{rel}","templated":true}]}}