{"id":170906,"date":"2014-08-05T16:56:30","date_gmt":"2014-08-05T13:56:30","guid":{"rendered":"http:\/\/www.nationalturk.com\/?p=170906"},"modified":"2014-08-06T08:39:31","modified_gmt":"2014-08-06T05:39:31","slug":"burnunu-kesen-kocasini-affetti-beni-oldurecekse-de-hapisten-ciksin-evine-gelsin-170906","status":"publish","type":"post","link":"https:\/\/www.nationalturk.com\/tr\/burnunu-kesen-kocasini-affetti-beni-oldurecekse-de-hapisten-ciksin-evine-gelsin-170906\/","title":{"rendered":"Burnunu kesen kocas\u0131n\u0131 affetti! &#8220;Beni \u00f6ld\u00fcrecekse de hapisten \u00e7\u0131ks\u0131n evine gelsin&#8221;"},"content":{"rendered":"<p><img loading=\"lazy\" decoding=\"async\" class=\"alignnone size-large wp-image-170907\" alt=\"Burnu kesilen kad\u0131n\" src=\"http:\/\/www.nationalturk.com\/tr\/wp-content\/uploads\/2014\/08\/burnu_kesilen_kadin-610x344.jpg\" width=\"610\" height=\"344\" title=\"\" srcset=\"https:\/\/www.nationalturk.com\/tr\/wp-content\/uploads\/2014\/08\/burnu_kesilen_kadin-610x344.jpg 610w, https:\/\/www.nationalturk.com\/tr\/wp-content\/uploads\/2014\/08\/burnu_kesilen_kadin-280x158.jpg 280w, https:\/\/www.nationalturk.com\/tr\/wp-content\/uploads\/2014\/08\/burnu_kesilen_kadin.jpg 620w\" sizes=\"auto, (max-width: 610px) 100vw, 610px\" \/><\/p>\n<h1>\u0130zmir&#8217;in Buca il\u00e7esinde, e\u015fi taraf\u0131ndan elleri kollar\u0131 ba\u011fland\u0131ktan sonra ormanl\u0131k alanda burnu kesildi\u011fi iddia edilen kad\u0131n cezaevine giren kocas\u0131n\u0131 affetti. Semra E. adl\u0131 kad\u0131n, &#8216;Kocam beni \u00f6ld\u00fcrecek de olsa cezaevinden \u00e7\u0131k\u0131p evine gelsin&#8217; dedi&#8230;<\/h1>\n<p>\u0130zmir&#8217;de e\u015fi taraf\u0131ndan kasap b\u0131\u00e7a\u011f\u0131yla i\u015fkence yap\u0131l\u0131p burnu kesilen 26 ya\u015f\u0131ndaki Semra E, cezaevindeki kocas\u0131n\u0131 affetti\u011fi belirtildi. Buca polis merkezine ba\u015fvuran Ecerel&#8217;in, art\u0131k koruma istemedi\u011fini, e\u015finin cezaevinden \u00e7\u0131kmas\u0131 i\u00e7in \u015fikayetinden vazge\u00e7ti\u011fi beyan\u0131nda bulundu\u011fu \u00f6\u011frenildi.<\/p>\n<p>Semra E. ifadesinde &#8220;Kocam beni \u00f6ld\u00fcrecek de olsa cezaevinden \u00e7\u0131k\u0131p evine gelsin&#8221; dedi\u011fi belirtildi.<\/p>\n<p>Ege \u00dcniversitesi T\u0131p Fak\u00fcltesi Hastanesi&#8217;ndeki tedavisinin ard\u0131ndan Buca il\u00e7esi Gediz mahallesi 694\/42 sokaktaki kay\u0131nvalidesinin evine yerle\u015fen Ecerel, gazetecilere yapt\u0131\u011f\u0131 a\u00e7\u0131klamada e\u015finin cezaevinden \u00e7\u0131kmas\u0131 i\u00e7in \u015fikayetinden vazge\u00e7ti\u011fini s\u00f6yledi.<\/p>\n<p>Cezaevindeki e\u015fiyle olan birlikteli\u011finden bir \u00e7ocu\u011fu oldu\u011funu ve babas\u0131z b\u00fcy\u00fcmesini istemedi\u011fini ifade eden Semra E, kocas\u0131n\u0131n kendisine i\u015fkence yapt\u0131\u011f\u0131n\u0131n do\u011fru oldu\u011funu ancak yaln\u0131z ya\u015fad\u0131\u011f\u0131n\u0131 ve maddi s\u0131k\u0131nt\u0131 \u00e7ekti\u011fini dile getirdi.<\/p>\n<p>Semra E, &#8220;Kocam beni \u00f6ld\u00fcrecek de olsa o benim \u00e7ocu\u011fumun babas\u0131. Cezaevinden \u00e7\u0131kmas\u0131 i\u00e7in ne gerekiyorsa yapaca\u011f\u0131m. Hayat\u0131ma kocamla birlikte devam etmek istiyorum&#8221; diye konu\u015ftu.<\/p>\n<p><span style=\"line-height: 1.5em;\">Emniyet yetkilileri, haklar\u0131nda koruma karar\u0131 bulunan kad\u0131nlar\u0131n y\u00fczde 70&#8217;inin, karar devam ederken \u015fikayetlerinden vazge\u00e7ti\u011fini &#8220;Art\u0131k korunmak istemiyorum&#8221; diyen kad\u0131nlar\u0131n bir\u00e7o\u011funun cinayete kurban gitti\u011fine dikkati \u00e7ekiyor<\/span><\/p>\n<p>\u00d6te yandan \u0130zmir Emniyet M\u00fcd\u00fcrl\u00fc\u011f\u00fc verilerine g\u00f6re, e\u015finden \u015fiddet g\u00f6rd\u00fc\u011f\u00fcn\u00fc ifade ederek polisten yard\u0131m talep eden kad\u0131nlar\u0131n b\u00fcy\u00fck b\u00f6l\u00fcm\u00fc \u015fikayetinden vazge\u00e7iyor. \u015eikayeti devam eden kad\u0131nlar\u0131n bir b\u00f6l\u00fcm\u00fc de bar\u0131\u015ft\u0131\u011f\u0131 e\u015fiyle oturmaya devam ediyor.<\/p>\n<p>\u0130zmir&#8217;de korunma karar\u0131 bulunan yakla\u015f\u0131k 3 bin kad\u0131ndan y\u00fczde 70&#8217;inin, karar devam ederken e\u015fine d\u00f6nd\u00fc\u011f\u00fc belirtiliyor. Mahkeme kararlar\u0131na erkeklerden \u00e7ok kad\u0131nlar\u0131n uymamas\u0131n\u0131n b\u00fcy\u00fck tehlike olu\u015fturdu\u011funa dikkati \u00e7eken emniyet yetkilileri, &#8220;Koruma alt\u0131na ald\u0131\u011f\u0131m\u0131z kad\u0131n tehdit edildi\u011finde veya kocas\u0131 eve gitti\u011finde hemen ihbar geliyor. Fakat \u015fikayeti bulunan kad\u0131nlar\u0131n kendi r\u0131zas\u0131yla e\u015fiyle tekrar birarada ya\u015fad\u0131\u011f\u0131ndan \u00e7o\u011fu zaman haberimiz olmuyor. Bu da olas\u0131 k\u00f6t\u00fc sonu\u00e7lar\u0131n ya\u015fanmas\u0131na neden oluyor. Son d\u00f6nemde artan kad\u0131n cinayetlerinin temelinde bu sorun var&#8221; de\u011ferlendirmesini yap\u0131yor.<\/p>\n<p>E\u015finden \u015fiddet g\u00f6ren kad\u0131nlar\u0131 uyaran yetkililer, kad\u0131nlar\u0131n yuvalar\u0131n\u0131 kurtarma i\u00e7g\u00fcd\u00fcs\u00fcyle hareket etti\u011fini ve duygusal d\u00fc\u015f\u00fcnd\u00fc\u011f\u00fcn\u00fc belirterek, mahkemenin verdi\u011fi koruma karar\u0131n\u0131n hemen akabinde e\u015fiyle bar\u0131\u015f\u0131p tatile giden kad\u0131n \u00f6rneklerine dahi rastlad\u0131klar\u0131n\u0131 kaydediyor. Yetkililer, \u015fiddet e\u011filimli e\u015fin her an tehlikeli davran\u0131\u015f sergileyebilece\u011fine dikkati \u00e7ekiyor.<\/p>\n<p>&#8211; Olay<\/p>\n<p>Buca il\u00e7esinde bir \u00e7ad\u0131rda ya\u015fayan 26 ya\u015f\u0131ndaki Semra E, 18 Haziranda tedavi g\u00f6rd\u00fc\u011f\u00fc Ege \u00dcniversitesi T\u0131p Fak\u00fcltesi Hastanesi&#8217;nde gazetecilere yapt\u0131\u011f\u0131 a\u00e7\u0131klamada, 11 y\u0131ll\u0131k e\u015finin, ormanl\u0131k alanda elini kolunu ba\u011flad\u0131ktan sonra burnunu b\u0131\u00e7akla kesti\u011fini ileri s\u00fcrm\u00fc\u015ft\u00fc. Kesilen burnu yerine dikilen Ecerel&#8217;in \u015fikayeti \u00fczerine g\u00f6zalt\u0131na al\u0131nan C.E, \u00e7\u0131kar\u0131ld\u0131\u011f\u0131 mahkemece tutuklanm\u0131\u015ft\u0131.<\/p>\n<!-- Error, Advert is not available at this time due to schedule\/geolocation restrictions! -->\n","protected":false},"excerpt":{"rendered":"<p>\u0130zmir&#8217;in Buca il\u00e7esinde, e\u015fi taraf\u0131ndan elleri kollar\u0131 ba\u011fland\u0131ktan sonra ormanl\u0131k alanda burnu kesildi\u011fi iddia edilen kad\u0131n cezaevine giren kocas\u0131n\u0131 affetti. Semra E. adl\u0131 kad\u0131n, &#8216;Kocam beni \u00f6ld\u00fcrecek de olsa cezaevinden \u00e7\u0131k\u0131p evine gelsin&#8217; dedi&#8230;<\/p>\n","protected":false},"author":4,"featured_media":173578,"comment_status":"open","ping_status":"open","sticky":false,"template":"","format":"standard","meta":{"_acf_changed":false,"footnotes":""},"categories":[6155,5005,6805],"tags":[8456,1681,34906],"class_list":["post-170906","post","type-post","status-publish","format-standard","has-post-thumbnail","hentry","category-gundem","category-manset","category-turkiye","tag-buca","tag-izmir","tag-izmir-buca"],"acf":[],"_links":{"self":[{"href":"https:\/\/www.nationalturk.com\/tr\/wp-json\/wp\/v2\/posts\/170906","targetHints":{"allow":["GET"]}}],"collection":[{"href":"https:\/\/www.nationalturk.com\/tr\/wp-json\/wp\/v2\/posts"}],"about":[{"href":"https:\/\/www.nationalturk.com\/tr\/wp-json\/wp\/v2\/types\/post"}],"author":[{"embeddable":true,"href":"https:\/\/www.nationalturk.com\/tr\/wp-json\/wp\/v2\/users\/4"}],"replies":[{"embeddable":true,"href":"https:\/\/www.nationalturk.com\/tr\/wp-json\/wp\/v2\/comments?post=170906"}],"version-history":[{"count":0,"href":"https:\/\/www.nationalturk.com\/tr\/wp-json\/wp\/v2\/posts\/170906\/revisions"}],"wp:featuredmedia":[{"embeddable":true,"href":"https:\/\/www.nationalturk.com\/tr\/wp-json\/wp\/v2\/media\/173578"}],"wp:attachment":[{"href":"https:\/\/www.nationalturk.com\/tr\/wp-json\/wp\/v2\/media?parent=170906"}],"wp:term":[{"taxonomy":"category","embeddable":true,"href":"https:\/\/www.nationalturk.com\/tr\/wp-json\/wp\/v2\/categories?post=170906"},{"taxonomy":"post_tag","embeddable":true,"href":"https:\/\/www.nationalturk.com\/tr\/wp-json\/wp\/v2\/tags?post=170906"}],"curies":[{"name":"wp","href":"https:\/\/api.w.org\/{rel}","templated":true}]}}