{"id":171341,"date":"2014-08-12T12:50:02","date_gmt":"2014-08-12T09:50:02","guid":{"rendered":"http:\/\/www.nationalturk.com\/?p=171341"},"modified":"2014-08-12T12:50:02","modified_gmt":"2014-08-12T09:50:02","slug":"erdoganin-turkiyesinin-avrupada-isi-yok-gorusmeler-durdurulsun-171341","status":"publish","type":"post","link":"https:\/\/www.nationalturk.com\/tr\/erdoganin-turkiyesinin-avrupada-isi-yok-gorusmeler-durdurulsun-171341\/","title":{"rendered":"&#8220;Erdo\u011fan&#8217;\u0131n T\u00fcrkiye&#8217;sinin Avrupa&#8217;da i\u015fi yok, g\u00f6r\u00fc\u015fmeler durdurulsun&#8221;"},"content":{"rendered":"<p><img loading=\"lazy\" decoding=\"async\" class=\"alignleft size-medium wp-image-171342\" alt=\"Andreas Scheuer\" src=\"http:\/\/www.nationalturk.com\/tr\/wp-content\/uploads\/2014\/08\/andreas-scheuer-280x188.jpg\" width=\"280\" height=\"188\" title=\"\" srcset=\"https:\/\/www.nationalturk.com\/tr\/wp-content\/uploads\/2014\/08\/andreas-scheuer-280x188.jpg 280w, https:\/\/www.nationalturk.com\/tr\/wp-content\/uploads\/2014\/08\/andreas-scheuer-593x400.jpg 593w, https:\/\/www.nationalturk.com\/tr\/wp-content\/uploads\/2014\/08\/andreas-scheuer.jpg 860w\" sizes=\"auto, (max-width: 280px) 100vw, 280px\" \/><\/p>\n<h1>Almanya Hristiyan Sosyal Birlik Partisi CSU Genel Sekreteri Andreas Scheuer,&#8217;Erdo\u011fan&#8217;\u0131n T\u00fcrkiye&#8217;sinin Avrupa&#8217;da i\u015fi yok&#8217; diyerek T\u00fcrkiye ile Avrupa Birli\u011fi \u00fcyelik m\u00fczakerelerinin durdurulmas\u0131n\u0131 istedi.<\/h1>\n<p><span style=\"line-height: 1.5em;\">CSU Genel Sekreteri Andreas Scheuer Hannoverschen Allgemeinen Zeitung\u2019a yapt\u0131\u011f\u0131 a\u00e7\u0131klamada Ba\u015fbakan Recep Tayyip Erdo\u011fan&#8217;\u0131n\u00a0<\/span><span style=\"line-height: 1.5em;\">g\u00fcc\u00fcn\u00fc geni\u015fletmek i\u00e7in demokratik de\u011ferleri ayaklar alt\u0131na almaktan \u00e7ekinmeyece\u011fini \u00f6ne s\u00fcrerek &#8220;Erdo\u011fan bas\u0131n \u00f6zg\u00fcrl\u00fc\u011f\u00fcn\u00fc k\u0131s\u0131tlama giri\u015fimlerini ve \u0130srail&#8217;e kar\u015f\u0131 k\u0131\u015fk\u0131rt\u0131c\u0131 s\u00f6ylemlerine devam edecek. Almanya&#8217;da ba\u015fka partilere mensup ki\u015filer de Erdo\u011fan&#8217;\u0131n se\u00e7ilmesinin ard\u0131ndan T\u00fcrkiye&#8217;nin AB \u00fcyeli\u011fine \u015f\u00fcpheyle bak\u0131yor. CSU her zaman a\u00e7\u0131k ifadeler kullan\u0131r. T\u00fcrkiye AB&#8217;ye ait de\u011fildir.\u00a0<\/span><span style=\"line-height: 1.5em;\">Parti olarak beklentimiz, art\u0131k herkesin bunu g\u00f6rmesi. Erdo\u011fan\u2019\u0131n konu\u015fmalar\u0131 ve eylemlerini g\u00f6renler yava\u015f yava\u015f bunu g\u00f6rmeye ba\u015flad\u0131&#8221; ifadelerini kulland\u0131.<\/span><\/p>\n<p><span style=\"line-height: 1.5em;\">Avrupa Parlamentosu D\u0131\u015f \u0130li\u015fkiler Komisyonu Ba\u015fkan\u0131 CDU\u2019lu Elmar Brok da AB\u2019nin T\u00fcrkiye\u2019yi yak\u0131ndan izlemesi gerekti\u011fini savunarak, T\u00fcrkiye\u2019nin hukuk devletinden daha fazla uzakla\u015fmas\u0131 durumunda bunun m\u00fczakereleri temelden sarsaca\u011f\u0131n\u0131 belirtti.<\/span><\/p>\n<!-- Error, Advert is not available at this time due to schedule\/geolocation restrictions! -->\n","protected":false},"excerpt":{"rendered":"<p>Almanya Hristiyan Sosyal Birlik Partisi CSU Genel Sekreteri Andreas Scheuer,&#8217;Erdo\u011fan&#8217;\u0131n T\u00fcrkiye&#8217;sinin Avrupa&#8217;da i\u015fi yok&#8217; diyerek T\u00fcrkiye ile Avrupa Birli\u011fi \u00fcyelik m\u00fczakerelerinin durdurulmas\u0131n\u0131 istedi.<\/p>\n","protected":false},"author":4,"featured_media":173499,"comment_status":"open","ping_status":"open","sticky":false,"template":"","format":"standard","meta":{"_acf_changed":false,"footnotes":""},"categories":[6770,6665,6155,5005,6202],"tags":[2174,167449,49442],"class_list":["post-171341","post","type-post","status-publish","format-standard","has-post-thumbnail","hentry","category-avrupa","category-dunya","category-gundem","category-manset","category-politika","tag-almanya","tag-avrupa-birligi-turkiye","tag-turkiye-avrupa-birligi"],"acf":[],"_links":{"self":[{"href":"https:\/\/www.nationalturk.com\/tr\/wp-json\/wp\/v2\/posts\/171341","targetHints":{"allow":["GET"]}}],"collection":[{"href":"https:\/\/www.nationalturk.com\/tr\/wp-json\/wp\/v2\/posts"}],"about":[{"href":"https:\/\/www.nationalturk.com\/tr\/wp-json\/wp\/v2\/types\/post"}],"author":[{"embeddable":true,"href":"https:\/\/www.nationalturk.com\/tr\/wp-json\/wp\/v2\/users\/4"}],"replies":[{"embeddable":true,"href":"https:\/\/www.nationalturk.com\/tr\/wp-json\/wp\/v2\/comments?post=171341"}],"version-history":[{"count":0,"href":"https:\/\/www.nationalturk.com\/tr\/wp-json\/wp\/v2\/posts\/171341\/revisions"}],"wp:featuredmedia":[{"embeddable":true,"href":"https:\/\/www.nationalturk.com\/tr\/wp-json\/wp\/v2\/media\/173499"}],"wp:attachment":[{"href":"https:\/\/www.nationalturk.com\/tr\/wp-json\/wp\/v2\/media?parent=171341"}],"wp:term":[{"taxonomy":"category","embeddable":true,"href":"https:\/\/www.nationalturk.com\/tr\/wp-json\/wp\/v2\/categories?post=171341"},{"taxonomy":"post_tag","embeddable":true,"href":"https:\/\/www.nationalturk.com\/tr\/wp-json\/wp\/v2\/tags?post=171341"}],"curies":[{"name":"wp","href":"https:\/\/api.w.org\/{rel}","templated":true}]}}