{"id":171420,"date":"2014-08-13T10:59:18","date_gmt":"2014-08-13T07:59:18","guid":{"rendered":"http:\/\/www.nationalturk.com\/?p=171420"},"modified":"2014-08-13T10:59:18","modified_gmt":"2014-08-13T07:59:18","slug":"irakta-yaralanan-amerikali-gazeteciler-istanbulda-171420","status":"publish","type":"post","link":"https:\/\/www.nationalturk.com\/tr\/irakta-yaralanan-amerikali-gazeteciler-istanbulda-171420\/","title":{"rendered":"Irak&#8217;ta yaralanan Amerikal\u0131 gazeteciler \u0130stanbul&#8217;da"},"content":{"rendered":"<p><img loading=\"lazy\" decoding=\"async\" class=\"alignnone size-large wp-image-171421\" alt=\"Atat\u00fcrk havaliman\u0131\" src=\"http:\/\/www.nationalturk.com\/tr\/wp-content\/uploads\/2014\/08\/ambulans_ataturk_havalimani-600x400.jpg\" width=\"600\" height=\"400\" title=\"\" srcset=\"https:\/\/www.nationalturk.com\/tr\/wp-content\/uploads\/2014\/08\/ambulans_ataturk_havalimani-600x400.jpg 600w, https:\/\/www.nationalturk.com\/tr\/wp-content\/uploads\/2014\/08\/ambulans_ataturk_havalimani-280x186.jpg 280w, https:\/\/www.nationalturk.com\/tr\/wp-content\/uploads\/2014\/08\/ambulans_ataturk_havalimani.jpg 1200w\" sizes=\"auto, (max-width: 600px) 100vw, 600px\" \/><\/p>\n<h1>Irak Sincar&#8217;da meydana gelen helikopter kazas\u0131nda yaralanan ABD&#8217;li gazeteciler Alissa J. Rubin ile Adam Ferguson, tedavi edilmek i\u00e7in \u0130stanbul&#8217;a getirildi.<\/h1>\n<p>Sincar Da\u011f\u0131&#8217;nda mahsur kalan Yezidilere yard\u0131m malzemelerini ula\u015ft\u0131rmak i\u00e7in d\u00fcn havalanan helikopterin teknik bir ar\u0131za sonucu d\u00fc\u015fmesi \u00fczerine, New York Times muhabiri Alissa J. Rubin ve foto muhabiri Adam Ferguson da yaraland\u0131.\u00a0Yaral\u0131 gazeteciler, ilk m\u00fcdahalenin ard\u0131ndan Sa\u011fl\u0131k Bakanl\u0131\u011f\u0131&#8217;n\u0131n ambulans u\u00e7a\u011f\u0131 ile \u0130stanbul&#8217;a getirildi. U\u00e7ak, Atat\u00fcrk Havaliman\u0131 Genel Havac\u0131l\u0131k Terminali&#8217;ne indi.<\/p>\n<p>Sa\u011fl\u0131k Bakanl\u0131\u011f\u0131&#8217;n\u0131n iki ambulans\u0131 taraf\u0131ndan aprondan al\u0131nan yaral\u0131lar, tedavilerinin s\u00fcrd\u00fcr\u00fclece\u011fi Amerikan Hastanesi&#8217;ne g\u00f6t\u00fcr\u00fcld\u00fc.\u00a0Yaral\u0131lar\u0131, hastane \u00f6n\u00fcnde bekleyen yak\u0131nlar\u0131 kar\u015f\u0131lad\u0131.<\/p>\n<!-- Error, Advert is not available at this time due to schedule\/geolocation restrictions! -->\n","protected":false},"excerpt":{"rendered":"<p>Irak Sincar&#8217;da meydana gelen helikopter kazas\u0131nda yaralanan ABD&#8217;li gazeteciler Alissa J. Rubin ile Adam Ferguson, tedavi edilmek i\u00e7in \u0130stanbul&#8217;a getirildi. <\/p>\n","protected":false},"author":4,"featured_media":173491,"comment_status":"open","ping_status":"open","sticky":false,"template":"","format":"standard","meta":{"_acf_changed":false,"footnotes":""},"categories":[6768,6665,6155,6667,6772,349],"tags":[1887,2859,169616,113942],"class_list":["post-171420","post","type-post","status-publish","format-standard","has-post-thumbnail","hentry","category-amerika","category-dunya","category-gundem","category-medya","category-ortadogu","category-son-dakika","tag-abd","tag-helikopter-kazasi","tag-sincar","tag-yezidi"],"acf":[],"_links":{"self":[{"href":"https:\/\/www.nationalturk.com\/tr\/wp-json\/wp\/v2\/posts\/171420","targetHints":{"allow":["GET"]}}],"collection":[{"href":"https:\/\/www.nationalturk.com\/tr\/wp-json\/wp\/v2\/posts"}],"about":[{"href":"https:\/\/www.nationalturk.com\/tr\/wp-json\/wp\/v2\/types\/post"}],"author":[{"embeddable":true,"href":"https:\/\/www.nationalturk.com\/tr\/wp-json\/wp\/v2\/users\/4"}],"replies":[{"embeddable":true,"href":"https:\/\/www.nationalturk.com\/tr\/wp-json\/wp\/v2\/comments?post=171420"}],"version-history":[{"count":0,"href":"https:\/\/www.nationalturk.com\/tr\/wp-json\/wp\/v2\/posts\/171420\/revisions"}],"wp:featuredmedia":[{"embeddable":true,"href":"https:\/\/www.nationalturk.com\/tr\/wp-json\/wp\/v2\/media\/173491"}],"wp:attachment":[{"href":"https:\/\/www.nationalturk.com\/tr\/wp-json\/wp\/v2\/media?parent=171420"}],"wp:term":[{"taxonomy":"category","embeddable":true,"href":"https:\/\/www.nationalturk.com\/tr\/wp-json\/wp\/v2\/categories?post=171420"},{"taxonomy":"post_tag","embeddable":true,"href":"https:\/\/www.nationalturk.com\/tr\/wp-json\/wp\/v2\/tags?post=171420"}],"curies":[{"name":"wp","href":"https:\/\/api.w.org\/{rel}","templated":true}]}}