{"id":171671,"date":"2014-08-16T10:32:17","date_gmt":"2014-08-16T07:32:17","guid":{"rendered":"http:\/\/www.nationalturk.com\/?p=171671"},"modified":"2014-08-16T10:32:17","modified_gmt":"2014-08-16T07:32:17","slug":"besiktas-arsenal-bileniyor-171671","status":"publish","type":"post","link":"https:\/\/www.nationalturk.com\/tr\/besiktas-arsenal-bileniyor-171671\/","title":{"rendered":"Be\u015fikta\u015f Arsenal&#8217;e bileniyor!"},"content":{"rendered":"<h1><a href=\"http:\/\/www.nationalturk.com\/tr\/wp-content\/uploads\/2014\/08\/besiktas-arsenal-hazirliklari.jpg\"><img loading=\"lazy\" decoding=\"async\" class=\"aligncenter size-large wp-image-171675\" alt=\"\" src=\"http:\/\/www.nationalturk.com\/tr\/wp-content\/uploads\/2014\/08\/besiktas-arsenal-hazirliklari-610x305.jpg\" width=\"610\" height=\"305\" title=\"\" srcset=\"https:\/\/www.nationalturk.com\/tr\/wp-content\/uploads\/2014\/08\/besiktas-arsenal-hazirliklari-610x305.jpg 610w, https:\/\/www.nationalturk.com\/tr\/wp-content\/uploads\/2014\/08\/besiktas-arsenal-hazirliklari-280x140.jpg 280w, https:\/\/www.nationalturk.com\/tr\/wp-content\/uploads\/2014\/08\/besiktas-arsenal-hazirliklari.jpg 620w\" sizes=\"auto, (max-width: 610px) 100vw, 610px\" \/><\/a>S\u00fcleyman Seba&#8217;n\u0131n vefat\u0131 ile yasa bo\u011fulan Be\u015fikta\u015f, \u015eampiyonlar Ligi play-off turunda 19 A\u011fustos Sal\u0131 g\u00fcn\u00fc Arsenal ile yapaca\u011f\u0131 ma\u00e7\u0131n haz\u0131rl\u0131klar\u0131n\u0131 s\u00fcrd\u00fcrd\u00fc.<\/h1>\n<p>Vefat eden Be\u015fikta\u015f Kul\u00fcb\u00fc Onursal Ba\u015fkan\u0131 S\u00fcleyman Seba i\u00e7in yap\u0131lan sayg\u0131 duru\u015fu sonras\u0131 teknik direkt\u00f6r Slaven Bilic y\u00f6netiminde ger\u00e7ekle\u015ftirilen antrenman yakla\u015f\u0131k 1,5 saat s\u00fcrd\u00fc.<\/p>\n<p>Siyah-beyazl\u0131 ekibin, BJK Nevzat Demir Tesisleri&#8217;nde bas\u0131na kapal\u0131 ger\u00e7ekle\u015ftirdi\u011fi antrenmanda, dar alanda oyun kurma ve yar\u0131 sahada \u00e7ift kale ma\u00e7\u0131n ard\u0131ndan, \u015fut \u00e7al\u0131\u015fmas\u0131 yapt\u0131\u011f\u0131 bildirildi.<\/p>\n<p>Be\u015fikta\u015f haz\u0131rl\u0131klar\u0131n\u0131 bu ak\u015fam antrenman\u0131yla s\u00fcrd\u00fcrecek.<\/p>\n<!-- Error, Advert is not available at this time due to schedule\/geolocation restrictions! -->\n","protected":false},"excerpt":{"rendered":"<p>S\u00fcleyman Seba&#8217;n\u0131n vefat\u0131 ile yasa bo\u011fulan Be\u015fikta\u015f, \u015eampiyonlar Ligi play-off turunda 19 A\u011fustos Sal\u0131 g\u00fcn\u00fc Arsenal ile yapaca\u011f\u0131 ma\u00e7\u0131n haz\u0131rl\u0131klar\u0131n\u0131 s\u00fcrd\u00fcrd\u00fc.<\/p>\n","protected":false},"author":3,"featured_media":173459,"comment_status":"open","ping_status":"open","sticky":false,"template":"","format":"standard","meta":{"_acf_changed":false,"footnotes":""},"categories":[6774,5005,6194],"tags":[1748,169261,54668,31609,828,133103,18904,169733,169852,169926],"class_list":["post-171671","post","type-post","status-publish","format-standard","has-post-thumbnail","hentry","category-futbol","category-manset","category-spor","tag-besiktas","tag-besiktas-arsenal","tag-besiktas-sampiyonlar-ligi","tag-bjk-nevzat-demir-tesisleri","tag-sampiyonlar-ligi","tag-slaven-bilic","tag-suleyman-seba","tag-suleyman-seba-besiktas","tag-suleyman-seba-cenaze","tag-suleyman-seba-olumu"],"acf":[],"_links":{"self":[{"href":"https:\/\/www.nationalturk.com\/tr\/wp-json\/wp\/v2\/posts\/171671","targetHints":{"allow":["GET"]}}],"collection":[{"href":"https:\/\/www.nationalturk.com\/tr\/wp-json\/wp\/v2\/posts"}],"about":[{"href":"https:\/\/www.nationalturk.com\/tr\/wp-json\/wp\/v2\/types\/post"}],"author":[{"embeddable":true,"href":"https:\/\/www.nationalturk.com\/tr\/wp-json\/wp\/v2\/users\/3"}],"replies":[{"embeddable":true,"href":"https:\/\/www.nationalturk.com\/tr\/wp-json\/wp\/v2\/comments?post=171671"}],"version-history":[{"count":0,"href":"https:\/\/www.nationalturk.com\/tr\/wp-json\/wp\/v2\/posts\/171671\/revisions"}],"wp:featuredmedia":[{"embeddable":true,"href":"https:\/\/www.nationalturk.com\/tr\/wp-json\/wp\/v2\/media\/173459"}],"wp:attachment":[{"href":"https:\/\/www.nationalturk.com\/tr\/wp-json\/wp\/v2\/media?parent=171671"}],"wp:term":[{"taxonomy":"category","embeddable":true,"href":"https:\/\/www.nationalturk.com\/tr\/wp-json\/wp\/v2\/categories?post=171671"},{"taxonomy":"post_tag","embeddable":true,"href":"https:\/\/www.nationalturk.com\/tr\/wp-json\/wp\/v2\/tags?post=171671"}],"curies":[{"name":"wp","href":"https:\/\/api.w.org\/{rel}","templated":true}]}}