{"id":171766,"date":"2014-08-18T10:03:49","date_gmt":"2014-08-18T07:03:49","guid":{"rendered":"http:\/\/www.nationalturk.com\/?p=171766"},"modified":"2014-08-18T10:03:49","modified_gmt":"2014-08-18T07:03:49","slug":"3-koruma-polisi-sehit-olan-rojin-uyuyamiyorum-keske-ben-olseydim-171766","status":"publish","type":"post","link":"https:\/\/www.nationalturk.com\/tr\/3-koruma-polisi-sehit-olan-rojin-uyuyamiyorum-keske-ben-olseydim-171766\/","title":{"rendered":"3 koruma polisi \u015fehit olan Rojin: Uyuyam\u0131yorum ke\u015fke ben \u00f6lseydim"},"content":{"rendered":"<p><img loading=\"lazy\" decoding=\"async\" class=\"alignleft size-medium wp-image-171771\" alt=\"Rojin \" src=\"http:\/\/www.nationalturk.com\/tr\/wp-content\/uploads\/2014\/08\/rojin_trafik_kazasi_93847-280x209.jpg\" width=\"280\" height=\"209\" title=\"\" srcset=\"https:\/\/www.nationalturk.com\/tr\/wp-content\/uploads\/2014\/08\/rojin_trafik_kazasi_93847-280x209.jpg 280w, https:\/\/www.nationalturk.com\/tr\/wp-content\/uploads\/2014\/08\/rojin_trafik_kazasi_93847-533x400.jpg 533w, https:\/\/www.nationalturk.com\/tr\/wp-content\/uploads\/2014\/08\/rojin_trafik_kazasi_93847.jpg 1067w\" sizes=\"auto, (max-width: 280px) 100vw, 280px\" \/><\/p>\n<h1>Sanat\u00e7\u0131 Rojin, Diyarbak\u0131r&#8217;da meydana gelen trafik kazas\u0131nda kendisini koruyan 3 polis memurunun \u015fehit olmas\u0131yla ilgili olarak ilk kez konu\u015ftu. Geceleri uyuyamad\u0131\u011f\u0131n\u0131 belirten Rojin, &#8216;Ke\u015fke ben \u00f6lseydim&#8217; dedi.<\/h1>\n<p>Rojin&#8217;i korumakla g\u00f6revlendirilen 3 polis memurunun \u015fehit olmas\u0131n\u0131n ard\u0131ndan Rojin ac\u0131s\u0131n\u0131 sosyal medyada takip\u00e7ileriyle payla\u015ft\u0131. Rojin, &#8220;Ke\u015fke ben \u00f6lseydim&#8221; dedi. Twitter hesab\u0131ndan a\u00e7\u0131klamalarda bulunan Rojin, &#8220;Neden korumayla gezdi\u011fimi merak edenler l\u00fctfen ama l\u00fctfen ara\u015ft\u0131rs\u0131n yorum yapmadan \u00f6nce. \u0130nsan her an polisle olmak ister mi? Medya ba\u015f\u0131m\u0131z sa\u011folsun ge\u00e7mi\u015f olsun yazaca\u011f\u0131na man\u015fetleriyle ne yap\u0131yor g\u00f6r\u00fcyorum. Korumayla gezmeyi ben istemedim, ben talep etmedim. Ke\u015fke ben \u00f6lseydim. Ke\u015fke \u00e7ocuklar\u0131 ve e\u015fleri olan insanlardan i\u00e7im parampar\u00e7a. Uyuyam\u0131yorum. Allah ailelerine sab\u0131r versin&#8221; ifadelerini kulland\u0131.<\/p>\n<p>Diyarbak\u0131r Mardin karayolunda meydana gelen trafik kazas\u0131nda Rojin&#8217;i korumakla g\u00f6revli polis memurlar\u0131 \u00d6mer Mercimek, Ahmet Y\u0131ld\u0131r\u0131m ve S\u0131tk\u0131 Kara \u015fehit olmu\u015ftu.<\/p>\n<!-- Error, Advert is not available at this time due to schedule\/geolocation restrictions! -->\n","protected":false},"excerpt":{"rendered":"<p>Sanat\u00e7\u0131 Rojin, Diyarbak\u0131r&#8217;da meydana gelen trafik kazas\u0131nda kendisini koruyan 3 polis memurunun \u015fehit olmas\u0131yla ilgili olarak ilk kez konu\u015ftu. Geceleri uyuyamad\u0131\u011f\u0131n\u0131 belirten Rojin, &#8216;Ke\u015fke ben \u00f6lseydim&#8217; dedi.<\/p>\n","protected":false},"author":4,"featured_media":173445,"comment_status":"open","ping_status":"open","sticky":false,"template":"","format":"standard","meta":{"_acf_changed":false,"footnotes":""},"categories":[6155,5005,6202,349,6805],"tags":[169945,13345,1470,68986,169946,88506,169947],"class_list":["post-171766","post","type-post","status-publish","format-standard","has-post-thumbnail","hentry","category-gundem","category-manset","category-politika","category-son-dakika","category-turkiye","tag-3-polis-sehit","tag-ahmet-yildirim","tag-diyarbakir","tag-diyarbakir-trafik-kazasi","tag-omer-mercimek","tag-rojin","tag-sitki-kara"],"acf":[],"_links":{"self":[{"href":"https:\/\/www.nationalturk.com\/tr\/wp-json\/wp\/v2\/posts\/171766","targetHints":{"allow":["GET"]}}],"collection":[{"href":"https:\/\/www.nationalturk.com\/tr\/wp-json\/wp\/v2\/posts"}],"about":[{"href":"https:\/\/www.nationalturk.com\/tr\/wp-json\/wp\/v2\/types\/post"}],"author":[{"embeddable":true,"href":"https:\/\/www.nationalturk.com\/tr\/wp-json\/wp\/v2\/users\/4"}],"replies":[{"embeddable":true,"href":"https:\/\/www.nationalturk.com\/tr\/wp-json\/wp\/v2\/comments?post=171766"}],"version-history":[{"count":0,"href":"https:\/\/www.nationalturk.com\/tr\/wp-json\/wp\/v2\/posts\/171766\/revisions"}],"wp:featuredmedia":[{"embeddable":true,"href":"https:\/\/www.nationalturk.com\/tr\/wp-json\/wp\/v2\/media\/173445"}],"wp:attachment":[{"href":"https:\/\/www.nationalturk.com\/tr\/wp-json\/wp\/v2\/media?parent=171766"}],"wp:term":[{"taxonomy":"category","embeddable":true,"href":"https:\/\/www.nationalturk.com\/tr\/wp-json\/wp\/v2\/categories?post=171766"},{"taxonomy":"post_tag","embeddable":true,"href":"https:\/\/www.nationalturk.com\/tr\/wp-json\/wp\/v2\/tags?post=171766"}],"curies":[{"name":"wp","href":"https:\/\/api.w.org\/{rel}","templated":true}]}}