{"id":171886,"date":"2014-08-19T09:55:56","date_gmt":"2014-08-19T06:55:56","guid":{"rendered":"http:\/\/www.nationalturk.com\/?p=171886"},"modified":"2014-08-19T09:55:56","modified_gmt":"2014-08-19T06:55:56","slug":"facebookta-berkin-elvana-kufreden-polise-2-yil-hapis-istemi-171886","status":"publish","type":"post","link":"https:\/\/www.nationalturk.com\/tr\/facebookta-berkin-elvana-kufreden-polise-2-yil-hapis-istemi-171886\/","title":{"rendered":"Facebook&#8217;ta Berkin Elvan&#8217;a k\u00fcfreden polise 2 y\u0131l hapis istemi"},"content":{"rendered":"<p><img loading=\"lazy\" decoding=\"async\" class=\"alignnone size-large wp-image-171887\" alt=\"Berkin Elvan\" src=\"http:\/\/www.nationalturk.com\/tr\/wp-content\/uploads\/2014\/08\/berkin_elvan_9316192-610x344.jpg\" width=\"610\" height=\"344\" title=\"\" srcset=\"https:\/\/www.nationalturk.com\/tr\/wp-content\/uploads\/2014\/08\/berkin_elvan_9316192-610x344.jpg 610w, https:\/\/www.nationalturk.com\/tr\/wp-content\/uploads\/2014\/08\/berkin_elvan_9316192-280x158.jpg 280w, https:\/\/www.nationalturk.com\/tr\/wp-content\/uploads\/2014\/08\/berkin_elvan_9316192.jpg 620w\" sizes=\"auto, (max-width: 610px) 100vw, 610px\" \/><\/p>\n<h1>Facebook hesab\u0131ndan, Gezi Park\u0131 direni\u015fi s\u0131ras\u0131nda hayat\u0131n\u0131 kaybeden Berkin Elvan i\u00e7in &#8216;B\u00f6yle ekmek almaya gidersen anan\u0131 b\u00f6yle s&#8230; o&#8230; \u00e7&#8230;&#8217; diye k\u00fcfreden polis memuru U.\u00c7. hakk\u0131nda &#8216;su\u00e7u ve su\u00e7luyu \u00f6vmek&#8217; su\u00e7lamas\u0131 ile iki y\u0131la kadar hapis cezas\u0131 istemiyle dava a\u00e7\u0131ld\u0131.<\/h1>\n<p>&nbsp;<\/p>\n<p><span style=\"line-height: 1.5em;\">Hat\u0131rlanaca\u011f\u0131 gibi 14 ya\u015f\u0131ndaki Berkin Elvan, Gezi Park\u0131 direni\u015fi s\u0131ras\u0131nda Okmeydan\u0131&#8217;ndaki evinin yak\u0131nlar\u0131nda polisin att\u0131\u011f\u0131 biber gaz\u0131 fi\u015fe\u011finin ba\u015f\u0131na isabet etmesinin ard\u0131ndan 16 Haziran 2013\u2019te komaya girmi\u015f, 11 Mart 2014&#8217;te de ya\u015fam\u0131n\u0131 yitirmi\u015fti. <\/span><\/p>\n<p><span style=\"line-height: 1.5em;\">Berkin Elvan&#8217;\u0131n ac\u0131 haberinin geldi\u011fi g\u00fcn ise Facebook&#8217;ta U.\u00c7. adl\u0131 polis memuru kendi hesab\u0131ndan\u00a0<\/span>\u201camk berkin misin nesin\u00a0senin y\u00fcz\u00fcnden iznim kapand\u0131 nesiniz lan siz kimsiniz\u00a0neymi\u015f ekmek almaya gidiyomu\u015f kafana s\u0131kan \u00e7evi\u011fin ellerinden \u00f6perim\u00a0hepiniz aq bundan sonra ayr\u0131mc\u0131l\u0131k var size karakterini s&#8230;.m\u00a0beni bile bu hale soktunuz lan o.. \u00e7ocuklar\u0131.\u00a0b\u00f6yle ekmek almaya gidersen anan\u0131 b\u00f6yle s&#8230; o&#8230; \u00e7ocgu\u201d diye yazm\u0131\u015ft\u0131.<\/p>\n<p><span style=\"line-height: 1.5em;\">Avukat Selin Aksoy polis U.\u00c7. hakk\u0131nda \u2018ki\u015finin hat\u0131ras\u0131na hakaret, su\u00e7u ve su\u00e7luyu \u00f6vmek, halk\u0131 kin ve d\u00fc\u015fmanl\u0131\u011fa tahrik ve g\u00f6revi k\u00f6t\u00fcye kullanmak\u2019 iddias\u0131yla su\u00e7 duyurusunda bulundu. \u0130stanbul Savc\u0131s\u0131 Ufuk B\u00fcy\u00fck\u015feng\u00fcn, y\u00fcr\u00fctt\u00fc\u011f\u00fc soru\u015fturma sonunda, Elvan ailesinin bir m\u00fcracaat\u0131n\u0131n olmad\u0131\u011f\u0131n\u0131 kaydederken, atfedilen su\u00e7lar y\u00f6n\u00fcnden de, kar\u015f\u0131 kar\u015f\u0131ya gelmi\u015f iki halktan s\u00f6z edilemeyece\u011fini, soru\u015fturma halen s\u00fcrd\u00fc\u011f\u00fc i\u00e7in bir su\u00e7ludan bahsedilemeyece\u011fini, g\u00f6revini k\u00f6t\u00fcye kullanma iddias\u0131n\u0131n ise olu\u015fmad\u0131\u011f\u0131n\u0131 belirtti ve kovu\u015fturmaya yer olmad\u0131\u011f\u0131na karar verdi. Avukat Aksoy da bu karara itiraz etti. \u0130tiraz\u0131 de\u011ferlendiren Bak\u0131rk\u00f6y 4. A\u011f\u0131r Ceza Mahkemesi, T\u00fcrk Ceza Kanunu\u2019nun (TCK) 215. maddesine g\u00f6re &#8216;su\u00e7u ve su\u00e7luyu \u00f6vme&#8217; y\u00f6n\u00fcnden dava a\u00e7\u0131lmas\u0131na h\u00fckmederek, karar\u0131 bozdu. Bu karar \u00fczerine polis U.\u00c7. hakk\u0131nda dava a\u00e7\u0131ld\u0131. \u0130stanbul 51. Asliye Ceza Mahkemesi\u2019nde a\u00e7\u0131lan davan\u0131n ilk duru\u015fmas\u0131 23 Aral\u0131k 2014\u2019te g\u00f6r\u00fclecek.<\/span><\/p>\n<!-- Error, Advert is not available at this time due to schedule\/geolocation restrictions! -->\n","protected":false},"excerpt":{"rendered":"<p>Facebook hesab\u0131ndan, Gezi Park\u0131 direni\u015fi s\u0131ras\u0131nda hayat\u0131n\u0131 kaybeden Berkin Elvan i\u00e7in &#8216;B\u00f6yle ekmek almaya gidersen anan\u0131 b\u00f6yle s&#8230; o&#8230; \u00e7&#8230;&#8217; diye k\u00fcfreden polis memuru U.\u00c7. hakk\u0131nda &#8216;su\u00e7u ve su\u00e7luyu \u00f6vmek&#8217; su\u00e7lamas\u0131 ile iki y\u0131la kadar hapis cezas\u0131 istemiyle dava a\u00e7\u0131ld\u0131.<\/p>\n","protected":false},"author":4,"featured_media":173431,"comment_status":"open","ping_status":"open","sticky":false,"template":"","format":"standard","meta":{"_acf_changed":false,"footnotes":""},"categories":[6155,5005,6202,6805],"tags":[139541,156524,92829,131452],"class_list":["post-171886","post","type-post","status-publish","format-standard","has-post-thumbnail","hentry","category-gundem","category-manset","category-politika","category-turkiye","tag-berkin-elvan","tag-berkin-elvan-gezi","tag-gezi-parki","tag-gezi-parki-direnisi"],"acf":[],"_links":{"self":[{"href":"https:\/\/www.nationalturk.com\/tr\/wp-json\/wp\/v2\/posts\/171886","targetHints":{"allow":["GET"]}}],"collection":[{"href":"https:\/\/www.nationalturk.com\/tr\/wp-json\/wp\/v2\/posts"}],"about":[{"href":"https:\/\/www.nationalturk.com\/tr\/wp-json\/wp\/v2\/types\/post"}],"author":[{"embeddable":true,"href":"https:\/\/www.nationalturk.com\/tr\/wp-json\/wp\/v2\/users\/4"}],"replies":[{"embeddable":true,"href":"https:\/\/www.nationalturk.com\/tr\/wp-json\/wp\/v2\/comments?post=171886"}],"version-history":[{"count":0,"href":"https:\/\/www.nationalturk.com\/tr\/wp-json\/wp\/v2\/posts\/171886\/revisions"}],"wp:featuredmedia":[{"embeddable":true,"href":"https:\/\/www.nationalturk.com\/tr\/wp-json\/wp\/v2\/media\/173431"}],"wp:attachment":[{"href":"https:\/\/www.nationalturk.com\/tr\/wp-json\/wp\/v2\/media?parent=171886"}],"wp:term":[{"taxonomy":"category","embeddable":true,"href":"https:\/\/www.nationalturk.com\/tr\/wp-json\/wp\/v2\/categories?post=171886"},{"taxonomy":"post_tag","embeddable":true,"href":"https:\/\/www.nationalturk.com\/tr\/wp-json\/wp\/v2\/tags?post=171886"}],"curies":[{"name":"wp","href":"https:\/\/api.w.org\/{rel}","templated":true}]}}