{"id":172112,"date":"2014-08-21T08:36:39","date_gmt":"2014-08-21T05:36:39","guid":{"rendered":"http:\/\/www.nationalturk.com\/?p=172112"},"modified":"2014-08-21T08:36:39","modified_gmt":"2014-08-21T05:36:39","slug":"ispanya-isid-sert-tepki-alcakca-ve-gaddarca-172112","status":"publish","type":"post","link":"https:\/\/www.nationalturk.com\/tr\/ispanya-isid-sert-tepki-alcakca-ve-gaddarca-172112\/","title":{"rendered":"\u0130spanya&#8217;dan I\u015e\u0130D&#8217;e sert tepki: Al\u00e7ak\u00e7a ve gaddarca"},"content":{"rendered":"<h1><a href=\"http:\/\/www.nationalturk.com\/tr\/wp-content\/uploads\/2014\/08\/abd-gazeteciye-infaz.jpeg\"><img loading=\"lazy\" decoding=\"async\" class=\"aligncenter size-full wp-image-172114\" alt=\"\" src=\"http:\/\/www.nationalturk.com\/tr\/wp-content\/uploads\/2014\/08\/abd-gazeteciye-infaz.jpeg\" width=\"606\" height=\"340\" title=\"\" srcset=\"https:\/\/www.nationalturk.com\/tr\/wp-content\/uploads\/2014\/08\/abd-gazeteciye-infaz.jpeg 606w, https:\/\/www.nationalturk.com\/tr\/wp-content\/uploads\/2014\/08\/abd-gazeteciye-infaz-280x157.jpeg 280w\" sizes=\"auto, (max-width: 606px) 100vw, 606px\" \/><\/a>\u0130spanyol h\u00fck\u00fcmeti, Amerikal\u0131 gazeteci James Foley&#8217;in Irak \u015eam \u0130slam Devleti \u00f6rg\u00fct\u00fcnce infaz edilmesini &#8220;al\u00e7ak\u00e7a ve gaddarca&#8221; diyerek k\u0131nad\u0131.<\/h1>\n<p>\u0130spanyol h\u00fck\u00fcmeti, 2012&#8217;den bu yana Suriye&#8217;de rehin tutulan\u00a0gazeteci James Foley&#8217;in I\u015e\u0130D taraf\u0131ndan infaz\u0131n\u0131\u00a0&#8220;al\u00e7ak\u00e7a ve gaddarca&#8221; olarak tan\u0131mlad\u0131. \u0130spanya, olay\u0131 &#8220;bas\u0131n \u00f6zg\u00fcrl\u00fc\u011f\u00fcne ve insanl\u0131k onuruna kar\u015f\u0131, hi\u00e7bir hakl\u0131l\u0131\u011f\u0131 olmayan bir sald\u0131r\u0131&#8221; olarak g\u00f6sterdi.<\/p>\n<p>D\u0131\u015fi\u015fleri Bakanl\u0131\u011f\u0131ndan yap\u0131lan yaz\u0131l\u0131 a\u00e7\u0131klamada, infazdaki &#8220;barbarca ve \u015fantaj i\u00e7erikli&#8221; video g\u00f6r\u00fcnt\u00fclerinden dolay\u0131 \u0130spanyol h\u00fck\u00fcmetinin &#8220;\u00e7ok derin \u00fcz\u00fcnt\u00fc duydu\u011fu&#8221;, \u00f6ld\u00fcr\u00fclen gazetecinin ailesine, meslekta\u015flar\u0131na ve ABD y\u00f6netimine ba\u015fsa\u011fl\u0131\u011f\u0131 mesaj\u0131 iletti\u011fi kaydedildi.<\/p>\n<p>A\u00e7\u0131klamada ayr\u0131ca, &#8220;Bu gaddarca adam \u00f6ld\u00fcrmenin, sadece b\u00f6lgeyi de\u011fil k\u00fcresel g\u00fcvenli\u011fi de tehdit eden ter\u00f6rizme kar\u015f\u0131 m\u00fccadelenin \u00f6nemini bir kez daha g\u00f6sterdi\u011fi&#8221; belirtilerek, &#8220;\u0130spanya, Orta Do\u011fu&#8217;da istikrar ve bar\u0131\u015f\u0131 te\u015fvik etmek ve sivil halk\u0131n ac\u0131s\u0131na son vermek i\u00e7in ortaklar\u0131yla birlikte uluslararas\u0131 \u00e7abalar\u0131n\u0131 s\u00fcrd\u00fcrecektir&#8221; ifadelerine yer verildi.<\/p>\n<!-- Error, Advert is not available at this time due to schedule\/geolocation restrictions! -->\n","protected":false},"excerpt":{"rendered":"<p>\u0130spanyol h\u00fck\u00fcmeti, Amerikal\u0131 gazeteci James Foley&#8217;in Irak \u015eam \u0130slam Devleti \u00f6rg\u00fct\u00fcnce infaz edilmesini &#8220;al\u00e7ak\u00e7a ve gaddarca&#8221; diyerek k\u0131nad\u0131.<\/p>\n","protected":false},"author":3,"featured_media":172114,"comment_status":"open","ping_status":"open","sticky":false,"template":"","format":"standard","meta":{"_acf_changed":false,"footnotes":""},"categories":[6770,6665,6155,5005,6772],"tags":[151890,169332,166098,161828,151891],"class_list":["post-172112","post","type-post","status-publish","format-standard","has-post-thumbnail","hentry","category-avrupa","category-dunya","category-gundem","category-manset","category-ortadogu","tag-isid","tag-isid-saldiri","tag-isid-son-dakika","tag-ispanyol-hukumeti","tag-irak-sam-islam-devleti"],"acf":[],"_links":{"self":[{"href":"https:\/\/www.nationalturk.com\/tr\/wp-json\/wp\/v2\/posts\/172112","targetHints":{"allow":["GET"]}}],"collection":[{"href":"https:\/\/www.nationalturk.com\/tr\/wp-json\/wp\/v2\/posts"}],"about":[{"href":"https:\/\/www.nationalturk.com\/tr\/wp-json\/wp\/v2\/types\/post"}],"author":[{"embeddable":true,"href":"https:\/\/www.nationalturk.com\/tr\/wp-json\/wp\/v2\/users\/3"}],"replies":[{"embeddable":true,"href":"https:\/\/www.nationalturk.com\/tr\/wp-json\/wp\/v2\/comments?post=172112"}],"version-history":[{"count":0,"href":"https:\/\/www.nationalturk.com\/tr\/wp-json\/wp\/v2\/posts\/172112\/revisions"}],"wp:featuredmedia":[{"embeddable":true,"href":"https:\/\/www.nationalturk.com\/tr\/wp-json\/wp\/v2\/media\/172114"}],"wp:attachment":[{"href":"https:\/\/www.nationalturk.com\/tr\/wp-json\/wp\/v2\/media?parent=172112"}],"wp:term":[{"taxonomy":"category","embeddable":true,"href":"https:\/\/www.nationalturk.com\/tr\/wp-json\/wp\/v2\/categories?post=172112"},{"taxonomy":"post_tag","embeddable":true,"href":"https:\/\/www.nationalturk.com\/tr\/wp-json\/wp\/v2\/tags?post=172112"}],"curies":[{"name":"wp","href":"https:\/\/api.w.org\/{rel}","templated":true}]}}