{"id":172186,"date":"2014-08-21T16:56:35","date_gmt":"2014-08-21T13:56:35","guid":{"rendered":"http:\/\/www.nationalturk.com\/?p=172186"},"modified":"2014-08-21T16:56:35","modified_gmt":"2014-08-21T13:56:35","slug":"londrada-amy-winehouse-heykeli-dikilecek-172186","status":"publish","type":"post","link":"https:\/\/www.nationalturk.com\/tr\/londrada-amy-winehouse-heykeli-dikilecek-172186\/","title":{"rendered":"Londra&#8217;da Amy Winehouse heykeli dikilecek"},"content":{"rendered":"<p><img loading=\"lazy\" decoding=\"async\" class=\"alignleft size-medium wp-image-172187\" alt=\"Amy Winehouse\" src=\"http:\/\/www.nationalturk.com\/tr\/wp-content\/uploads\/2014\/08\/amy_winehouse-280x207.jpg\" width=\"280\" height=\"207\" title=\"\" srcset=\"https:\/\/www.nationalturk.com\/tr\/wp-content\/uploads\/2014\/08\/amy_winehouse-280x207.jpg 280w, https:\/\/www.nationalturk.com\/tr\/wp-content\/uploads\/2014\/08\/amy_winehouse.jpg 404w\" sizes=\"auto, (max-width: 280px) 100vw, 280px\" \/><\/p>\n<h1>2011&#8217;de 27 ya\u015f\u0131ndayken a\u015f\u0131r\u0131 alkol t\u00fcketimi nedeniyle hayat\u0131n\u0131 kaybeden \u00fcnl\u00fc \u015fark\u0131c\u0131 Amy Winehouse&#8217;un heykeli ya\u015fad\u0131\u011f\u0131 <a href=\"http:\/\/www.wts.com.tr\/londra-turlari-turistik.htm\" target=\"_blank\" rel=\"noopener\">Londra<\/a>&#8216;ya dikilecek.<\/h1>\n<p><span style=\"line-height: 1.5em;\">Amy Winehouse&#8217;un \u0130ngiltere&#8217;nin ba\u015fkenti Londra&#8217;da ya\u015fad\u0131\u011f\u0131 ve \u00e7al\u0131\u015ft\u0131\u011f\u0131 mahalleye bir heykelinin dikilece\u011fi a\u00e7\u0131kland\u0131. Winehouse ailesi taraf\u0131ndan yap\u0131lan a\u00e7\u0131klamada Amy&#8217;nin\u00a0<\/span>31. do\u011fum g\u00fcn\u00fc olan 14 Eyl\u00fcl&#8217;de a\u00e7\u0131lacak olan heykel,\u00a0heykelt\u0131ra\u015f Scott Eaton taraf\u0131ndan yap\u0131lacak. Bronz heykel, Londra&#8217;n\u0131n en pop\u00fcler yerle\u015fim merkezlerinden biri olan Camden&#8217;da yer alacak.<\/p>\n<p>\u015eark\u0131c\u0131n\u0131n babas\u0131 Mitch Winehouse, heykelin \u00f6nce Roundhouse konser salonu d\u0131\u015f\u0131na dikilmesinin planland\u0131\u011f\u0131n\u0131, ancak daha sonra \u015fark\u0131c\u0131n\u0131n hayranlar\u0131n\u0131 ula\u015fabilir olmas\u0131 i\u00e7in Camden&#8217;in merkezine ta\u015f\u0131nmas\u0131na karar verildi\u011fini s\u00f6yledi.<\/p>\n<!-- Error, Advert is not available at this time due to schedule\/geolocation restrictions! -->\n","protected":false},"excerpt":{"rendered":"<p>2011&#8217;de 27 ya\u015f\u0131ndayken a\u015f\u0131r\u0131 alkol t\u00fcketimi nedeniyle hayat\u0131n\u0131 kaybeden \u00fcnl\u00fc \u015fark\u0131c\u0131 Amy Winehouse&#8217;un heykeli ya\u015fad\u0131\u011f\u0131 Londra&#8217;ya dikilecek.<\/p>\n","protected":false},"author":4,"featured_media":173381,"comment_status":"open","ping_status":"open","sticky":false,"template":"","format":"standard","meta":{"_acf_changed":false,"footnotes":""},"categories":[6770,6665,6155,6232,5005,36154],"tags":[66674,170570,1874,5691,82585,170574],"class_list":["post-172186","post","type-post","status-publish","format-standard","has-post-thumbnail","hentry","category-avrupa","category-dunya","category-gundem","category-magazin","category-manset","category-muzik","tag-amy-winehouse","tag-amy-winehouse-heykeli","tag-ingiltere","tag-londra","tag-mitch-winehouse","tag-scott-eaton"],"acf":[],"_links":{"self":[{"href":"https:\/\/www.nationalturk.com\/tr\/wp-json\/wp\/v2\/posts\/172186","targetHints":{"allow":["GET"]}}],"collection":[{"href":"https:\/\/www.nationalturk.com\/tr\/wp-json\/wp\/v2\/posts"}],"about":[{"href":"https:\/\/www.nationalturk.com\/tr\/wp-json\/wp\/v2\/types\/post"}],"author":[{"embeddable":true,"href":"https:\/\/www.nationalturk.com\/tr\/wp-json\/wp\/v2\/users\/4"}],"replies":[{"embeddable":true,"href":"https:\/\/www.nationalturk.com\/tr\/wp-json\/wp\/v2\/comments?post=172186"}],"version-history":[{"count":0,"href":"https:\/\/www.nationalturk.com\/tr\/wp-json\/wp\/v2\/posts\/172186\/revisions"}],"wp:featuredmedia":[{"embeddable":true,"href":"https:\/\/www.nationalturk.com\/tr\/wp-json\/wp\/v2\/media\/173381"}],"wp:attachment":[{"href":"https:\/\/www.nationalturk.com\/tr\/wp-json\/wp\/v2\/media?parent=172186"}],"wp:term":[{"taxonomy":"category","embeddable":true,"href":"https:\/\/www.nationalturk.com\/tr\/wp-json\/wp\/v2\/categories?post=172186"},{"taxonomy":"post_tag","embeddable":true,"href":"https:\/\/www.nationalturk.com\/tr\/wp-json\/wp\/v2\/tags?post=172186"}],"curies":[{"name":"wp","href":"https:\/\/api.w.org\/{rel}","templated":true}]}}