{"id":172235,"date":"2014-08-22T10:24:04","date_gmt":"2014-08-22T07:24:04","guid":{"rendered":"http:\/\/www.nationalturk.com\/?p=172235"},"modified":"2023-08-09T17:47:42","modified_gmt":"2023-08-09T14:47:42","slug":"samsun-alacamda-trafik-kazasi-2-olu-24-yarali-172235","status":"publish","type":"post","link":"https:\/\/www.nationalturk.com\/tr\/samsun-alacamda-trafik-kazasi-2-olu-24-yarali-172235\/","title":{"rendered":"Samsun Ala\u00e7am&#8217;da trafik kazas\u0131: 2 \u00f6l\u00fc 24 yaral\u0131"},"content":{"rendered":"<p><img loading=\"lazy\" decoding=\"async\" class=\"alignleft size-medium wp-image-172237\" src=\"http:\/\/www.nationalturk.com\/tr\/wp-content\/uploads\/2014\/08\/trafik_canavari1-220x220.jpg\" alt=\"\" width=\"220\" height=\"220\" title=\"\" srcset=\"https:\/\/www.nationalturk.com\/tr\/wp-content\/uploads\/2014\/08\/trafik_canavari1-220x220.jpg 220w, https:\/\/www.nationalturk.com\/tr\/wp-content\/uploads\/2014\/08\/trafik_canavari1-50x50.jpg 50w, https:\/\/www.nationalturk.com\/tr\/wp-content\/uploads\/2014\/08\/trafik_canavari1-400x400.jpg 400w, https:\/\/www.nationalturk.com\/tr\/wp-content\/uploads\/2014\/08\/trafik_canavari1.jpg 500w\" sizes=\"auto, (max-width: 220px) 100vw, 220px\" \/><\/p>\n<h1>Samsun&#8217;un Ala\u00e7am il\u00e7esinde iki minib\u00fcs\u00fcn \u00e7arp\u0131\u015fmas\u0131yla meydana gelen trafik kazas\u0131nda Duran Karabulut ve Seda Nur Tapar adl\u0131 ki\u015filer hayat\u0131n\u0131 kaybederken 24 ki\u015fi de yaraland\u0131.<\/h1>\n<p>Al\u0131nan bilgilere g\u00f6re\u00a0Yakakent&#8217;ten Bafra&#8217;ya giden Kamil Kilit\u00e7i&#8217;nin kulland\u0131\u011f\u0131 55 TL 012 plakal\u0131 minib\u00fcs ile ayn\u0131 y\u00f6nde seyreden Salih Babacan y\u00f6netimindeki 52 DV 672 plakal\u0131 minib\u00fcs, Ala\u00e7am Etyemez Mahallesi mevkisinde \u00e7arp\u0131\u015ft\u0131. Minib\u00fcsler elektrik dire\u011fine \u00e7arparak durabilirken s\u00fcr\u00fcc\u00fclerle birlikte 24 ki\u015fi yaraland\u0131. Yaral\u0131lardan Duran Karabulut ve Seda Nur Tapar kald\u0131r\u0131ld\u0131klar\u0131 hastanede yap\u0131lan t\u00fcm m\u00fcdahalelere ra\u011fmen kurtar\u0131lamad\u0131 ve ya\u015fam\u0131n\u0131 yitirdi.<\/p>\n<p><span style=\"line-height: 1.5em;\">Minib\u00fcslerdekilerin, Bafra il\u00e7esinde sebze toplamak i\u00e7in yola \u00e7\u0131kt\u0131klar\u0131 \u00f6\u011frenildi.\u00a0<\/span>Kazaya ili\u015fkin ba\u015flat\u0131lan soru\u015fturma s\u00fcr\u00fcyor.<\/p>\n","protected":false},"excerpt":{"rendered":"<p>Samsun&#8217;un Ala\u00e7am il\u00e7esinde iki minib\u00fcs\u00fcn \u00e7arp\u0131\u015fmas\u0131yla meydana gelen trafik kazas\u0131nda Duran Karabulut ve Seda Nur Tapar adl\u0131 ki\u015filer hayat\u0131n\u0131 kaybederken 24 ki\u015fi de yaraland\u0131.<\/p>\n","protected":false},"author":4,"featured_media":300402,"comment_status":"open","ping_status":"open","sticky":false,"template":"","format":"standard","meta":{"_acf_changed":false,"footnotes":""},"categories":[221271],"tags":[37959,29744,3728,20401],"class_list":["post-172235","post","type-post","status-publish","format-standard","has-post-thumbnail","hentry","category-trafik-kazasi-haberleri","tag-alacam","tag-bafra","tag-samsun","tag-trafik-kazasi"],"acf":[],"_links":{"self":[{"href":"https:\/\/www.nationalturk.com\/tr\/wp-json\/wp\/v2\/posts\/172235","targetHints":{"allow":["GET"]}}],"collection":[{"href":"https:\/\/www.nationalturk.com\/tr\/wp-json\/wp\/v2\/posts"}],"about":[{"href":"https:\/\/www.nationalturk.com\/tr\/wp-json\/wp\/v2\/types\/post"}],"author":[{"embeddable":true,"href":"https:\/\/www.nationalturk.com\/tr\/wp-json\/wp\/v2\/users\/4"}],"replies":[{"embeddable":true,"href":"https:\/\/www.nationalturk.com\/tr\/wp-json\/wp\/v2\/comments?post=172235"}],"version-history":[{"count":0,"href":"https:\/\/www.nationalturk.com\/tr\/wp-json\/wp\/v2\/posts\/172235\/revisions"}],"wp:featuredmedia":[{"embeddable":true,"href":"https:\/\/www.nationalturk.com\/tr\/wp-json\/wp\/v2\/media\/300402"}],"wp:attachment":[{"href":"https:\/\/www.nationalturk.com\/tr\/wp-json\/wp\/v2\/media?parent=172235"}],"wp:term":[{"taxonomy":"category","embeddable":true,"href":"https:\/\/www.nationalturk.com\/tr\/wp-json\/wp\/v2\/categories?post=172235"},{"taxonomy":"post_tag","embeddable":true,"href":"https:\/\/www.nationalturk.com\/tr\/wp-json\/wp\/v2\/tags?post=172235"}],"curies":[{"name":"wp","href":"https:\/\/api.w.org\/{rel}","templated":true}]}}