{"id":17242,"date":"2010-03-18T10:15:33","date_gmt":"2010-03-18T08:15:33","guid":{"rendered":"http:\/\/www.nationalturk.com\/?p=17242"},"modified":"2010-03-18T10:15:33","modified_gmt":"2010-03-18T08:15:33","slug":"kadir-ozbek-hsyk","status":"publish","type":"post","link":"https:\/\/www.nationalturk.com\/tr\/kadir-ozbek-hsyk\/","title":{"rendered":"Kadir \u00d6zbek: Anayasa de\u011fi\u015fikli\u011finde hedef HSYK"},"content":{"rendered":"<p><strong><img loading=\"lazy\" decoding=\"async\" class=\"alignleft size-medium wp-image-17244\" title=\"Kadir \u00d6zbek\" src=\"http:\/\/www.nationalturk.com\/tr\/wp-content\/uploads\/2010\/03\/kadir_ozbek_aciklama-280x210.jpg\" alt=\"Kadir \u00d6zbek\" width=\"208\" height=\"220\" srcset=\"https:\/\/www.nationalturk.com\/tr\/wp-content\/uploads\/2010\/03\/kadir_ozbek_aciklama-280x210.jpg 208w, https:\/\/www.nationalturk.com\/tr\/wp-content\/uploads\/2010\/03\/kadir_ozbek_aciklama.jpg 315w\" sizes=\"auto, (max-width: 208px) 100vw, 208px\" \/>Hakimler ve Savc\u0131lar Y\u00fcksek Kurulu (HSYK) Ba\u015fkanvekili Kadir \u00d6zbek, Anayasa de\u011fi\u015fikli\u011fi \u00e7al\u0131\u015fmalar\u0131yla ilgili olarak yapt\u0131\u011f\u0131 a\u00e7\u0131klamada \u201cBirinci hedefin HSYK oldu\u011fu da g\u00f6r\u00fcld\u00fc, o da belli. San\u0131yorum bundan sonra belki bizim de baz\u0131 \u015feyleri ifade etme imk\u00e2n\u0131m\u0131z olacakt\u0131r\u201d dedi.<\/strong><\/p>\n<p>HSYK&#8217;ya geli\u015finde gazetecilerin sorular\u0131n\u0131 yan\u0131tlayan \u00d6zbek, paketle ilgili baz\u0131 ayr\u0131nt\u0131lar\u0131n kamuoyuna yans\u0131d\u0131\u011f\u0131n\u0131n an\u0131msat\u0131lmas\u0131 \u00fczerine, \u201cBiraz daha netle\u015fsin. \u00d6yle san\u0131yorum ki sis bulutlar\u0131 da\u011f\u0131l\u0131yor.  Daha netle\u015fmeye ba\u015flad\u0131, daha da netle\u015fecek. Birinci hedefin HSYK oldu\u011fu da g\u00f6r\u00fcld\u00fc, o da belli. San\u0131yorum bundan sonra belki bizim de baz\u0131 \u015feyleri ifade etme imk\u00e2n\u0131m\u0131z olacakt\u0131r\u201d dedi.<\/p>\n<span style=\"font-weight: bold; color: #f00;\">Error, group does not exist! Check your syntax! (ID: 113)<\/span>\n","protected":false},"excerpt":{"rendered":"<p>Kadir \u00d6zbek&#8217;ten a\u00e7\u0131klama<\/p>\n","protected":false},"author":4,"featured_media":192455,"comment_status":"open","ping_status":"open","sticky":false,"template":"","format":"standard","meta":{"_acf_changed":false,"footnotes":""},"categories":[6155,349,6805],"tags":[18501,16253,16298,18504,18503],"class_list":["post-17242","post","type-post","status-publish","format-standard","has-post-thumbnail","hentry","category-gundem","category-son-dakika","category-turkiye","tag-anayasa-degisikligi-paketi","tag-hsk","tag-kadir-ozbek","tag-kadir-ozbek-aciklamalari","tag-kadir-ozbek-anayasa-aciklamasi"],"acf":[],"_links":{"self":[{"href":"https:\/\/www.nationalturk.com\/tr\/wp-json\/wp\/v2\/posts\/17242","targetHints":{"allow":["GET"]}}],"collection":[{"href":"https:\/\/www.nationalturk.com\/tr\/wp-json\/wp\/v2\/posts"}],"about":[{"href":"https:\/\/www.nationalturk.com\/tr\/wp-json\/wp\/v2\/types\/post"}],"author":[{"embeddable":true,"href":"https:\/\/www.nationalturk.com\/tr\/wp-json\/wp\/v2\/users\/4"}],"replies":[{"embeddable":true,"href":"https:\/\/www.nationalturk.com\/tr\/wp-json\/wp\/v2\/comments?post=17242"}],"version-history":[{"count":0,"href":"https:\/\/www.nationalturk.com\/tr\/wp-json\/wp\/v2\/posts\/17242\/revisions"}],"wp:featuredmedia":[{"embeddable":true,"href":"https:\/\/www.nationalturk.com\/tr\/wp-json\/wp\/v2\/media\/192455"}],"wp:attachment":[{"href":"https:\/\/www.nationalturk.com\/tr\/wp-json\/wp\/v2\/media?parent=17242"}],"wp:term":[{"taxonomy":"category","embeddable":true,"href":"https:\/\/www.nationalturk.com\/tr\/wp-json\/wp\/v2\/categories?post=17242"},{"taxonomy":"post_tag","embeddable":true,"href":"https:\/\/www.nationalturk.com\/tr\/wp-json\/wp\/v2\/tags?post=17242"}],"curies":[{"name":"wp","href":"https:\/\/api.w.org\/{rel}","templated":true}]}}