{"id":172731,"date":"2014-08-28T09:05:11","date_gmt":"2014-08-28T06:05:11","guid":{"rendered":"http:\/\/www.nationalturk.com\/?p=172731"},"modified":"2022-09-06T15:37:00","modified_gmt":"2022-09-06T12:37:00","slug":"venedik-film-festivali-birdman-172731","status":"publish","type":"post","link":"https:\/\/www.nationalturk.com\/tr\/venedik-film-festivali-birdman-172731\/","title":{"rendered":"Venedik Film Festivali kap\u0131lar\u0131n\u0131 &#8216;Birdman&#8217; ile a\u00e7t\u0131"},"content":{"rendered":"<h1><a href=\"http:\/\/www.nationalturk.com\/tr\/wp-content\/uploads\/2014\/08\/venedik-film-festivali-birdman.jpg\"><img loading=\"lazy\" decoding=\"async\" class=\"aligncenter size-full wp-image-172736\" alt=\"\" src=\"http:\/\/www.nationalturk.com\/tr\/wp-content\/uploads\/2014\/08\/venedik-film-festivali-birdman.jpg\" width=\"610\" height=\"330\" title=\"\" srcset=\"https:\/\/www.nationalturk.com\/tr\/wp-content\/uploads\/2014\/08\/venedik-film-festivali-birdman.jpg 610w, https:\/\/www.nationalturk.com\/tr\/wp-content\/uploads\/2014\/08\/venedik-film-festivali-birdman-280x151.jpg 280w\" sizes=\"auto, (max-width: 610px) 100vw, 610px\" \/><\/a>71. <a href=\"http:\/\/www.wts.com.tr\/venedik-film-festivali.htm\" target=\"_blank\" rel=\"noopener\">Venedik Film Festivali<\/a>, Meksikal\u0131 y\u00f6netmen Alejandro Gonzales Inarritu\u2019nun \u201cBirdman\u201d isimli filmiyle a\u00e7\u0131l\u0131\u015f yapt\u0131.<\/h1>\n<p>\u0130talya\u2019n\u0131n tarihi dokusunu koruyan kanallar kenti Venedik&#8217;te d\u00fczenlenen festival \u00f6ncesinde, geleneksel k\u0131rm\u0131z\u0131 hal\u0131 ge\u00e7i\u015fi yap\u0131ld\u0131. Y\u00f6netmen Inarritu, ba\u015frol oyuncular\u0131 Michael Keaton, Emma Stone gibi \u00fcnl\u00fcler, k\u0131rm\u0131z\u0131 hal\u0131da y\u00fcr\u00fcyerek, sevenlerini selamlad\u0131.<\/p>\n<p>A\u00e7\u0131l\u0131\u015f t\u00f6renine, \u0130talya Cumhurba\u015fkan\u0131 Giorgio Napolitano da kat\u0131ld\u0131.<\/p>\n<p>Festivalde, T\u00fcrk y\u00f6netmen Fatih Ak\u0131n&#8217;\u0131n a\u015fk, \u00f6l\u00fcm ve \u015feytan \u00fc\u00e7lemesinin son filmi &#8220;The Cut&#8221; ile gen\u00e7 y\u00f6netmen Kaan M\u00fcjdeci\u2019nin &#8220;Sivas&#8221; adl\u0131 filmi, b\u00fcy\u00fck \u00f6d\u00fcl Alt\u0131n Aslan i\u00e7in yar\u0131\u015facak. \u0130ki film de ilk g\u00f6sterimlerini Venedik\u2019te yapacak.<\/p>\n<p>Y\u00f6netmen M\u00fcjdeci, gen\u00e7 y\u00f6netmenlerin ilk uzun metrajl\u0131 filmleri i\u00e7in da\u011f\u0131t\u0131lan &#8220;Gelece\u011fin Aslan\u0131&#8221; kategorisinde de yar\u0131\u015facak.<\/p>\n<p><strong><a href=\"http:\/\/www.wts.com.tr\/venedik-film-festivali.htm\" target=\"_blank\" rel=\"noopener\">VENED\u0130K F\u0130LM FEST\u0130VAL\u0130N\u0130 YER\u0130NDE \u0130ZLEMEK \u0130\u00c7\u0130N TIKLAYIN<\/a><\/strong><\/p>\n<p>Festivalde, &#8220;Venedik Klasikleri&#8221; b\u00f6l\u00fcm\u00fcnde \u00d6mer L\u00fctfi Akad&#8217;\u0131n restore edilen 1973 yap\u0131m\u0131 &#8220;Gelin&#8221; adl\u0131 eseri de g\u00f6sterilecek.<\/p>\n<p>71. Venedik Film Festivali, 6 Eyl\u00fcl ak\u015fam\u0131 yap\u0131lacak kapan\u0131\u015f ve Alt\u0131n Aslan \u00d6d\u00fcl\u00fc&#8217;n\u00fcn takdim edilmesiyle son bulacak. Festivalde ge\u00e7en y\u0131l Alt\u0131n Aslan \u00d6d\u00fcl\u00fc, y\u00f6netmen Gianfranco Rosi\u2019nin \u201cSacro GRA\u201d adl\u0131 belgesel t\u00fcr\u00fcndeki filmine verilmi\u015fti.<\/p>\n<!-- Error, Advert is not available at this time due to schedule\/geolocation restrictions! -->\n","protected":false},"excerpt":{"rendered":"<p>71. Venedik Film Festivali, Meksikal\u0131 y\u00f6netmen Alejandro Gonzales Inarritu\u2019nun \u201cBirdman\u201d isimli filmiyle a\u00e7\u0131l\u0131\u015f yapt\u0131.<\/p>\n","protected":false},"author":3,"featured_media":172736,"comment_status":"open","ping_status":"open","sticky":false,"template":"","format":"standard","meta":{"_acf_changed":false,"footnotes":""},"categories":[6770,6665,6232,5005,6672,67944],"tags":[171236,3917,20602,168294,1581,153108,9136,168296,171147,3590,155465,3914,168439,4295],"class_list":["post-172731","post","type-post","status-publish","format-standard","has-post-thumbnail","hentry","category-avrupa","category-dunya","category-magazin","category-manset","category-sinema","category-yurtdisi-magazin-haberleri","tag-birdman","tag-fatih-akin","tag-fatih-akin-filmleri","tag-fatih-akin-venedik","tag-giorgio-napolitano","tag-giorgio-napolitano-italya","tag-italya-cumhurbaskani","tag-kaan-mujdeci","tag-kaan-mujdeci-venedik","tag-venedik","tag-venedik-festival","tag-venedik-film-festivali","tag-venedik-kanallari","tag-venedik-turu"],"acf":[],"_links":{"self":[{"href":"https:\/\/www.nationalturk.com\/tr\/wp-json\/wp\/v2\/posts\/172731","targetHints":{"allow":["GET"]}}],"collection":[{"href":"https:\/\/www.nationalturk.com\/tr\/wp-json\/wp\/v2\/posts"}],"about":[{"href":"https:\/\/www.nationalturk.com\/tr\/wp-json\/wp\/v2\/types\/post"}],"author":[{"embeddable":true,"href":"https:\/\/www.nationalturk.com\/tr\/wp-json\/wp\/v2\/users\/3"}],"replies":[{"embeddable":true,"href":"https:\/\/www.nationalturk.com\/tr\/wp-json\/wp\/v2\/comments?post=172731"}],"version-history":[{"count":0,"href":"https:\/\/www.nationalturk.com\/tr\/wp-json\/wp\/v2\/posts\/172731\/revisions"}],"wp:featuredmedia":[{"embeddable":true,"href":"https:\/\/www.nationalturk.com\/tr\/wp-json\/wp\/v2\/media\/172736"}],"wp:attachment":[{"href":"https:\/\/www.nationalturk.com\/tr\/wp-json\/wp\/v2\/media?parent=172731"}],"wp:term":[{"taxonomy":"category","embeddable":true,"href":"https:\/\/www.nationalturk.com\/tr\/wp-json\/wp\/v2\/categories?post=172731"},{"taxonomy":"post_tag","embeddable":true,"href":"https:\/\/www.nationalturk.com\/tr\/wp-json\/wp\/v2\/tags?post=172731"}],"curies":[{"name":"wp","href":"https:\/\/api.w.org\/{rel}","templated":true}]}}