{"id":172777,"date":"2014-08-28T11:59:35","date_gmt":"2014-08-28T08:59:35","guid":{"rendered":"http:\/\/www.nationalturk.com\/?p=172777"},"modified":"2024-08-21T16:40:17","modified_gmt":"2024-08-21T13:40:17","slug":"mehmet-simsekten-ehliyet-vergisi-aciklamasi-172777","status":"publish","type":"post","link":"https:\/\/www.nationalturk.com\/tr\/mehmet-simsekten-ehliyet-vergisi-aciklamasi-172777\/","title":{"rendered":"Mehmet \u015eim\u015fek&#8217;ten ehliyet vergisi a\u00e7\u0131klamas\u0131"},"content":{"rendered":"<h1><a href=\"http:\/\/www.nationalturk.com\/tr\/wp-content\/uploads\/2014\/08\/mehmet-simsekten-ehliyet-aciklamasi.jpg\"><img loading=\"lazy\" decoding=\"async\" class=\"alignnone size-full wp-image-172778\" alt=\"mehmet-simsekten-ehliyet-aciklamasi\" src=\"http:\/\/www.nationalturk.com\/tr\/wp-content\/uploads\/2014\/08\/mehmet-simsekten-ehliyet-aciklamasi.jpg\" width=\"600\" height=\"300\" title=\"\" srcset=\"https:\/\/www.nationalturk.com\/tr\/wp-content\/uploads\/2014\/08\/mehmet-simsekten-ehliyet-aciklamasi.jpg 600w, https:\/\/www.nationalturk.com\/tr\/wp-content\/uploads\/2014\/08\/mehmet-simsekten-ehliyet-aciklamasi-280x140.jpg 280w\" sizes=\"auto, (max-width: 600px) 100vw, 600px\" \/><\/a><\/h1>\n<h1>Maliye Bakan\u0131 \u015eim\u015fek, &#8220;Bundan sonra hem har\u00e7 hem de s\u00fcr\u00fcc\u00fc belgeleri i\u00e7in de\u011ferli ka\u011f\u0131t bedelleri art\u0131k tek bir yerden \u00f6denebilecek&#8221; dedi.<\/h1>\n<div id=\"news-maincontent\">\n<p>Maliye Bakan\u0131 Mehmet \u015eim\u015fek, ehliyet alacaklar i\u00e7in yeni bir kolayl\u0131k getireceklerini belirterek, &#8220;Vatanda\u015flar\u0131m\u0131z\u00a0art\u0131k vezneden vezneye ko\u015fturmayacak&#8221; dedi. \u015eim\u015fek,\u00a0hem har\u00e7 hem de\u00a0s\u00fcr\u00fcc\u00fc belgeleri i\u00e7in de\u011ferli ka\u011f\u0131t bedellerinin art\u0131k tek bir yerden \u00f6denebilece\u011fini bildirdi.<\/p>\n<p>Konuya ili\u015fkin AA muhabirine a\u00e7\u0131klamalarda bulunan \u015eim\u015fek, bug\u00fcne kadar gerek m\u00fckelleflerin gerekse de bakanl\u0131\u011f\u0131n ilgi alan\u0131nda olan her kesimin i\u015flerini kolayla\u015ft\u0131rmak i\u00e7in gerekli ad\u0131mlar\u0131 att\u0131klar\u0131n\u0131 s\u00f6yledi.<\/p>\n<p>Bu kapsamda\u00a0s\u00fcr\u00fcc\u00fc belgeleri\u00a0i\u00e7in de yeni bir d\u00fczenlemeye gideceklerini anlatan \u015eim\u015fek, &#8220;Ehliyet alacak vatanda\u015flar\u0131m\u0131z\u00a0art\u0131k vezneden vezneye ko\u015fturmayacak&#8221; dedi.<\/p>\n<h3>Mehmet \u015eim\u015fek&#8217;ten ehliyet vergisi a\u00e7\u0131klamas\u0131<\/h3>\n<p>Bakan \u015eim\u015fek, \u015funlar\u0131 kaydetti:<\/p>\n<p>&#8220;e-Devlet projelerinden Ara\u00e7 Tescil ve S\u00fcr\u00fcc\u00fc Belgesi \u0130\u015flemlerinin Elektronik Ortamda Online Olarak Yap\u0131lmas\u0131 Projesi (ASBIS)\u00a0kapsam\u0131nda vatanda\u015flar\u0131n s\u00fcr\u00fcc\u00fc belgesi bedellerini emniyet biriminde g\u00f6revli personele \u00f6demesi y\u00f6ntemini kald\u0131r\u0131yoruz. Mevcut uygulamada ehliyet alacak vatanda\u015flar\u0131m\u0131z \u00f6nce banka veya vergi dairesine gidip har\u00e7 \u00f6demesi yap\u0131yor, ard\u0131ndan da emniyet veznesine giderek de\u011ferli ka\u011f\u0131t bedelini \u00f6d\u00fcyordu. \u015eimdi vatanda\u015flar\u0131m\u0131z\u0131 bu y\u00fckten kurtar\u0131yoruz. Bundan sonra hem har\u00e7 hem de\u00a0s\u00fcr\u00fcc\u00fc belgeleri i\u00e7in de\u011ferli ka\u011f\u0131t bedelleri art\u0131k tek bir yerden \u00f6denebilecek.\u00a0Vatanda\u015flar\u0131m\u0131z, bu bedelleri emniyet veznelerine gitmeden\u00a0bankalara veya vergi dairelerine yat\u0131rabilecek.&#8221;<\/p>\n<h3><strong>Emniyet\u00a0\u00f6denen miktar\u0131 an\u0131nda g\u00f6recek\u00a0<\/strong><\/h3>\n<p>Maliye Bakan\u0131 \u015eim\u015fek, yeni sistemin ilk kez ehliyet alanlar\u00a0i\u00e7in bir kolayl\u0131k daha sa\u011flayaca\u011f\u0131n\u0131 belirterek, s\u00f6zlerini \u015f\u00f6yle tamamlad\u0131:<\/p>\n<p>&#8220;Yeni sistemde ilk kez\u00a0ehliyet alanlar, har\u00e7 ve s\u00fcr\u00fcc\u00fc\u00a0belgeleri i\u00e7in de\u011ferli ka\u011f\u0131t bedellerini \u00f6dediklerine dair makbuzlar\u0131 saklamak zorunda kalmayacak. S\u00f6z konusu bedeller, bankalara veya vergi dairelerine yat\u0131r\u0131ld\u0131\u011f\u0131 anda emniyetin sistemlerinde de e\u015f zamanl\u0131\u00a0g\u00f6r\u00fclebilecek. Bu sayede &#8216;makbuz kayboldu, unutuldu&#8230;&#8217; gibi sorunlar da ortadan kalkm\u0131\u015f olacak.&#8221;<\/p>\n<!-- Error, Advert is not available at this time due to schedule\/geolocation restrictions! -->\n<\/div>\n","protected":false},"excerpt":{"rendered":"<p>Maliye Bakan\u0131 \u015eim\u015fek, &#8220;Bundan sonra hem har\u00e7 hem de s\u00fcr\u00fcc\u00fc belgeleri i\u00e7in de\u011ferli ka\u011f\u0131t bedelleri art\u0131k tek bir yerden \u00f6denebilecek&#8221; dedi.<\/p>\n","protected":false},"author":1119,"featured_media":172778,"comment_status":"open","ping_status":"open","sticky":false,"template":"","format":"standard","meta":{"_acf_changed":false,"footnotes":""},"categories":[6155,5005],"tags":[53310,171291,74783,171295,4072,3667],"class_list":["post-172777","post","type-post","status-publish","format-standard","has-post-thumbnail","hentry","category-gundem","category-manset","tag-ehliyet","tag-ehliyet-harci","tag-emniyet","tag-harc","tag-maliye-bakani","tag-mehmet-simsek"],"acf":[],"_links":{"self":[{"href":"https:\/\/www.nationalturk.com\/tr\/wp-json\/wp\/v2\/posts\/172777","targetHints":{"allow":["GET"]}}],"collection":[{"href":"https:\/\/www.nationalturk.com\/tr\/wp-json\/wp\/v2\/posts"}],"about":[{"href":"https:\/\/www.nationalturk.com\/tr\/wp-json\/wp\/v2\/types\/post"}],"author":[{"embeddable":true,"href":"https:\/\/www.nationalturk.com\/tr\/wp-json\/wp\/v2\/users\/1119"}],"replies":[{"embeddable":true,"href":"https:\/\/www.nationalturk.com\/tr\/wp-json\/wp\/v2\/comments?post=172777"}],"version-history":[{"count":0,"href":"https:\/\/www.nationalturk.com\/tr\/wp-json\/wp\/v2\/posts\/172777\/revisions"}],"wp:featuredmedia":[{"embeddable":true,"href":"https:\/\/www.nationalturk.com\/tr\/wp-json\/wp\/v2\/media\/172778"}],"wp:attachment":[{"href":"https:\/\/www.nationalturk.com\/tr\/wp-json\/wp\/v2\/media?parent=172777"}],"wp:term":[{"taxonomy":"category","embeddable":true,"href":"https:\/\/www.nationalturk.com\/tr\/wp-json\/wp\/v2\/categories?post=172777"},{"taxonomy":"post_tag","embeddable":true,"href":"https:\/\/www.nationalturk.com\/tr\/wp-json\/wp\/v2\/tags?post=172777"}],"curies":[{"name":"wp","href":"https:\/\/api.w.org\/{rel}","templated":true}]}}