{"id":172851,"date":"2014-08-28T15:36:21","date_gmt":"2014-08-28T12:36:21","guid":{"rendered":"http:\/\/www.nationalturk.com\/?p=172851"},"modified":"2014-08-28T15:36:21","modified_gmt":"2014-08-28T12:36:21","slug":"mehter-takimi-kizil-meydan-172851","status":"publish","type":"post","link":"https:\/\/www.nationalturk.com\/tr\/mehter-takimi-kizil-meydan-172851\/","title":{"rendered":"Mehter Tak\u0131m\u0131 K\u0131z\u0131l Meydan&#8217;da"},"content":{"rendered":"<h1><a href=\"http:\/\/www.nationalturk.com\/tr\/wp-content\/uploads\/2014\/08\/mehter-takimi-rusya.jpg\"><img loading=\"lazy\" decoding=\"async\" class=\"aligncenter size-full wp-image-172854\" alt=\"\" src=\"http:\/\/www.nationalturk.com\/tr\/wp-content\/uploads\/2014\/08\/mehter-takimi-rusya.jpg\" width=\"610\" height=\"407\" title=\"\" srcset=\"https:\/\/www.nationalturk.com\/tr\/wp-content\/uploads\/2014\/08\/mehter-takimi-rusya.jpg 610w, https:\/\/www.nationalturk.com\/tr\/wp-content\/uploads\/2014\/08\/mehter-takimi-rusya-280x186.jpg 280w, https:\/\/www.nationalturk.com\/tr\/wp-content\/uploads\/2014\/08\/mehter-takimi-rusya-599x400.jpg 599w\" sizes=\"auto, (max-width: 610px) 100vw, 610px\" \/><\/a>Moskova&#8217;da d\u00fczenlenecek Spaskaya Ba\u015fnya Uluslarars\u0131 Askeri M\u00fczik Festivali&#8217;ne davet edilen \u0130znik Mehter Tak\u0131m\u0131, konser \u00f6ncesi K\u0131z\u0131l Meydan&#8217;da prova yapt\u0131.<\/h1>\n<p>Mehter tak\u0131m\u0131n\u0131n tarihi K\u0131z\u0131l Meydan&#8217;da, bayrak ve k\u0131l\u0131\u00e7larla y\u00fcr\u00fcmesi renkli g\u00f6r\u00fcnt\u00fcler olu\u015fturdu. Mehter tak\u0131m\u0131 s\u00f6yledi\u011fi mar\u015flar, K\u0131z\u0131l Meydan&#8217;da yank\u0131land\u0131. Mehteranlar\u0131n k\u0131l\u0131\u00e7 kalkan g\u00f6sterisi izleyenlerce be\u011fenildi.<\/p>\n<p><a href=\"http:\/\/www.nationalturk.com\/tr\/wp-content\/uploads\/2014\/08\/mehter-tak\u0131m\u0131.jpg\"><img loading=\"lazy\" decoding=\"async\" class=\"aligncenter size-full wp-image-172858\" alt=\"mehter tak\u0131m\u0131\" src=\"http:\/\/www.nationalturk.com\/tr\/wp-content\/uploads\/2014\/08\/mehter-tak\u0131m\u0131.jpg\" width=\"610\" height=\"407\" title=\"\" srcset=\"https:\/\/www.nationalturk.com\/tr\/wp-content\/uploads\/2014\/08\/mehter-tak\u0131m\u0131.jpg 610w, https:\/\/www.nationalturk.com\/tr\/wp-content\/uploads\/2014\/08\/mehter-tak\u0131m\u0131-280x186.jpg 280w, https:\/\/www.nationalturk.com\/tr\/wp-content\/uploads\/2014\/08\/mehter-tak\u0131m\u0131-599x400.jpg 599w\" sizes=\"auto, (max-width: 610px) 100vw, 610px\" \/><\/a><\/p>\n<p>\u00c7ok say\u0131da bas\u0131n mensubunun takip etti\u011fi provalar\u0131, tarihi meydan\u0131 ziyaret eden Ruslar\u0131 ve turistler be\u011feniyle izledi.<\/p>\n<p>Mehteranlar ad\u0131na konu\u015fan Ali T\u00fcrek, Rusya&#8217;da yo\u011fun ilgi g\u00f6rd\u00fcklerini belirterek, \u0130znik Mehter Tak\u0131m\u0131 festival kapsam\u0131nda 30 A\u011fustos-7 Eyl\u00fcl tarihleri aras\u0131nda K\u0131z\u0131l Meydan&#8217;da sahne alaca\u011f\u0131n\u0131 s\u00f6yledi.<\/p>\n<p><a href=\"http:\/\/www.nationalturk.com\/tr\/wp-content\/uploads\/2014\/08\/k\u0131z\u0131l-meydan.jpg\"><img loading=\"lazy\" decoding=\"async\" class=\"aligncenter size-full wp-image-172857\" alt=\"k\u0131z\u0131l meydan\" src=\"http:\/\/www.nationalturk.com\/tr\/wp-content\/uploads\/2014\/08\/k\u0131z\u0131l-meydan.jpg\" width=\"610\" height=\"407\" title=\"\" srcset=\"https:\/\/www.nationalturk.com\/tr\/wp-content\/uploads\/2014\/08\/k\u0131z\u0131l-meydan.jpg 610w, https:\/\/www.nationalturk.com\/tr\/wp-content\/uploads\/2014\/08\/k\u0131z\u0131l-meydan-280x186.jpg 280w, https:\/\/www.nationalturk.com\/tr\/wp-content\/uploads\/2014\/08\/k\u0131z\u0131l-meydan-599x400.jpg 599w\" sizes=\"auto, (max-width: 610px) 100vw, 610px\" \/><\/a><\/p>\n<p>Uluslararas\u0131 Askeri M\u00fczik Festivali &#8220;Spasskaya Ba\u015fnya&#8221; 2009 y\u0131l\u0131ndan bu yana d\u00fczenleniyor. Festivale bu y\u0131l 12 \u00fclkeden 22 grup kat\u0131l\u0131yor. Organizat\u00f6rlerin verilerine g\u00f6re bu sene festivali yakla\u015f\u0131k 60 bin ki\u015finin izlemesi bekleniyor.<\/p>\n<!-- Error, Advert is not available at this time due to schedule\/geolocation restrictions! -->\n","protected":false},"excerpt":{"rendered":"<p>Moskova&#8217;da d\u00fczenlenecek Spaskaya Ba\u015fnya Uluslarars\u0131 Askeri M\u00fczik Festivali&#8217;ne davet edilen \u0130znik Mehter Tak\u0131m\u0131, konser \u00f6ncesi K\u0131z\u0131l Meydan&#8217;da prova yapt\u0131.<\/p>\n","protected":false},"author":3,"featured_media":172854,"comment_status":"open","ping_status":"open","sticky":false,"template":"","format":"standard","meta":{"_acf_changed":false,"footnotes":""},"categories":[6770,6155,6221,5005,339,6662],"tags":[99999,144849,154996,139044,1238,171416],"class_list":["post-172851","post","type-post","status-publish","format-standard","has-post-thumbnail","hentry","category-avrupa","category-gundem","category-kultur","category-manset","category-turizm","category-yasam","tag-kizil-meydan","tag-kizil-meydan-moskova","tag-kizil-meydan-rusya","tag-mehter-takimi","tag-moskova","tag-moskova-festival"],"acf":[],"_links":{"self":[{"href":"https:\/\/www.nationalturk.com\/tr\/wp-json\/wp\/v2\/posts\/172851","targetHints":{"allow":["GET"]}}],"collection":[{"href":"https:\/\/www.nationalturk.com\/tr\/wp-json\/wp\/v2\/posts"}],"about":[{"href":"https:\/\/www.nationalturk.com\/tr\/wp-json\/wp\/v2\/types\/post"}],"author":[{"embeddable":true,"href":"https:\/\/www.nationalturk.com\/tr\/wp-json\/wp\/v2\/users\/3"}],"replies":[{"embeddable":true,"href":"https:\/\/www.nationalturk.com\/tr\/wp-json\/wp\/v2\/comments?post=172851"}],"version-history":[{"count":0,"href":"https:\/\/www.nationalturk.com\/tr\/wp-json\/wp\/v2\/posts\/172851\/revisions"}],"wp:featuredmedia":[{"embeddable":true,"href":"https:\/\/www.nationalturk.com\/tr\/wp-json\/wp\/v2\/media\/172854"}],"wp:attachment":[{"href":"https:\/\/www.nationalturk.com\/tr\/wp-json\/wp\/v2\/media?parent=172851"}],"wp:term":[{"taxonomy":"category","embeddable":true,"href":"https:\/\/www.nationalturk.com\/tr\/wp-json\/wp\/v2\/categories?post=172851"},{"taxonomy":"post_tag","embeddable":true,"href":"https:\/\/www.nationalturk.com\/tr\/wp-json\/wp\/v2\/tags?post=172851"}],"curies":[{"name":"wp","href":"https:\/\/api.w.org\/{rel}","templated":true}]}}