{"id":172992,"date":"2014-09-03T13:56:35","date_gmt":"2014-09-03T10:56:35","guid":{"rendered":"http:\/\/www.nationalturk.com\/?p=172992"},"modified":"2024-11-26T22:04:22","modified_gmt":"2024-11-26T19:04:22","slug":"ingilterenin-galler-bolgesinde-toplancak-nato-zirvesinin-onceligi-isid-ve-ukrayna-politika-haberleri-172992","status":"publish","type":"post","link":"https:\/\/www.nationalturk.com\/tr\/ingilterenin-galler-bolgesinde-toplancak-nato-zirvesinin-onceligi-isid-ve-ukrayna-politika-haberleri-172992\/","title":{"rendered":"\u0130ngilterenin Galler b\u00f6lgesinde toplancak NATO zirvesinin \u00f6nceli\u011fi \u0130\u015fid ve Ukrayna \/ Politika Haberleri"},"content":{"rendered":"<h1><a href=\"http:\/\/www.nationalturk.com\/tr\/wp-content\/uploads\/2014\/09\/NATO-Summit-2014-Newport-Wales-UK-14.jpg\"><img loading=\"lazy\" decoding=\"async\" class=\"alignnone wp-image-194123 size-full\" src=\"http:\/\/www.nationalturk.com\/tr\/wp-content\/uploads\/2014\/09\/NATO-Summit-2014-Newport-Wales-UK-14.jpg\" alt=\"NATO-Summit-2014-Newport-Wales-UK-14\" width=\"610\" height=\"406\" title=\"\" srcset=\"https:\/\/www.nationalturk.com\/tr\/wp-content\/uploads\/2014\/09\/NATO-Summit-2014-Newport-Wales-UK-14.jpg 610w, https:\/\/www.nationalturk.com\/tr\/wp-content\/uploads\/2014\/09\/NATO-Summit-2014-Newport-Wales-UK-14-180x120.jpg 180w, https:\/\/www.nationalturk.com\/tr\/wp-content\/uploads\/2014\/09\/NATO-Summit-2014-Newport-Wales-UK-14-280x186.jpg 280w, https:\/\/www.nationalturk.com\/tr\/wp-content\/uploads\/2014\/09\/NATO-Summit-2014-Newport-Wales-UK-14-540x360.jpg 540w\" sizes=\"auto, (max-width: 610px) 100vw, 610px\" \/><\/a><\/h1>\n<h1>Birle\u015fik Krall\u0131\u011f\u0131n Galler b\u00f6lgesinde Newport&#8217;ta d\u00fczenlenecek NATO zirvesi tarihin en kritik toplant\u0131lar\u0131ndan biri olmaya aday.<\/h1>\n<p style=\"color: #504b44;\">\u00a04-5 Eyl\u00fcl\u2019de Galler\u2019de d\u00fczenlenecek NATO Zirvesi, \u00f6rg\u00fct\u00fcn tarihindeki en kapsaml\u0131 ve zorlu toplant\u0131lardan biri olmaya aday. \u00a0NATO\u2019ya yak\u0131n co\u011frafyalarda e\u015f zamanl\u0131 birden fazla krizin s\u00fcrd\u00fc\u011f\u00fc bir ortamda g\u00f6r\u00fc\u015fecek \u00fcye \u00fclke liderlerinin bir yandan mevcut krizleri de\u011ferlendirmesi di\u011fer yandan da bu krizlerden \u00e7\u0131kar\u0131lan dersler do\u011frultusunda gelecekteki s\u0131namalara kar\u015f\u0131 ortak savunmay\u0131 g\u00fc\u00e7lendirecek ve \u0130ttifak\u2019\u0131n haz\u0131rl\u0131k seviyesini art\u0131racak ad\u0131mlara odaklanmas\u0131 \u00f6ng\u00f6r\u00fcl\u00fcyor. NATO Zirvesi\u2019nde ele al\u0131nacak konular ba\u011flam\u0131nda toplant\u0131ya \u00fcye \u00fclke devlet ve h\u00fck\u00fcmet ba\u015fkanlar\u0131n\u0131n yan\u0131 s\u0131ra \u00e7ok say\u0131da ortak \u00fclkenin lideri de kat\u0131lacak.<\/p>\n<p style=\"color: #504b44;\">Zirvenin ilk g\u00fcndem maddesini Afganistan olu\u015fturacak. NATO komutas\u0131nda y\u00fcr\u00fct\u00fclen Uluslararas\u0131 G\u00fcvenlik Destek G\u00fcc\u00fc\u2019n\u00fcn (ISAF), g\u00f6revini yerine getirdi\u011finin ilan edilece\u011fi zirvede, Afganistan\u2019a y\u00f6nelik gelece\u011fe d\u00f6n\u00fck taahh\u00fctler \u00fczerinde durulacak. Afgan makamlar\u0131n\u0131n gerekli ad\u0131mlar\u0131 atmamas\u0131 nedeniyle s\u0131k\u0131nt\u0131l\u0131 bir s\u00fcre\u00e7ten ge\u00e7en ISAF harekat\u0131 sonras\u0131nda ba\u015flat\u0131lmas\u0131 \u00f6ng\u00f6r\u00fclen Kararl\u0131 Destek Misyonu da liderlerin g\u00fcndem maddeleri aras\u0131nda yer alacak. Afganistan ile ilgili oturuma NATO liderlerinin yan\u0131 s\u0131ra ISAF\u2019a destek veren 27 \u00fclkenin lideri de kat\u0131lacak. Bu toplant\u0131da Birle\u015fmi\u015f Milletler (BM) ve Avrupa Birli\u011fi de \u00fcst d\u00fczeyde temsil edilecek. Uluslararas\u0131 g\u00fcndemin ilk s\u0131ralar\u0131ndan d\u00fc\u015fmeyen Ukrayna krizi de zirvenin ilk g\u00fcn oturumlar\u0131n\u0131n konular\u0131 aras\u0131nda yer alacak.<\/p>\n<p style=\"color: #504b44;\">NATO-Ukrayna Komisyonu format\u0131nda ger\u00e7ekle\u015ftirilecek toplant\u0131da bu \u00fclkeyi Devlet Ba\u015fkan\u0131 Petro Poro\u015fenko temsil edecek. \u00a0NATO\u2019nun gelece\u011fi ve her t\u00fcr tehdide kar\u015f\u0131 koyabilme kapasitesi a\u00e7\u0131s\u0131ndan b\u00fcy\u00fck \u00f6nem ta\u015f\u0131yan Haz\u0131rl\u0131k Eylem Plan\u0131 (RAP), zirvenin temel belgelerinden birini olu\u015fturacak. Plan\u0131n, g\u00fcvence ve uyarlama nitelikli 30 ana \u00f6nlem i\u00e7ermesi \u00f6ng\u00f6r\u00fcl\u00fcyor. Transatlantik ba\u011f\u0131n \u00f6nemi ve savunma harcamalar\u0131n\u0131n art\u0131r\u0131lmas\u0131 konular\u0131 da NATO liderlerinin \u00fczerinde \u00f6zellikle duracaklar\u0131 ba\u015fl\u0131klar aras\u0131nda yer al\u0131yor. NATO liderlerinin yan\u0131 s\u0131ra d\u0131\u015fi\u015fleri bakanlar\u0131 ve savunma bakanlar\u0131 da zirve s\u0131ras\u0131nda paralel toplant\u0131lar ger\u00e7ekle\u015ftirecek.<\/p>\n<p style=\"color: #504b44;\">Zirvenin ilk g\u00fcn\u00fcnde NATO d\u0131\u015fi\u015fleri bakanlar\u0131, NATO \u00fcyeli\u011fi beklentisi olan Bosna Hersek, G\u00fcrcistan, Karada\u011f ve Makedonya d\u0131\u015fi\u015fleri bakanlar\u0131yla bir araya gelecek. NATO savunma bakanlar\u0131n\u0131n da ayn\u0131 g\u00fcn \u0130ttifak ile i\u015fbirli\u011fi i\u00e7inde olan 24 \u00fclkeden mevkida\u015flar\u0131yla bir araya gelmesi planlan\u0131yor. Zrivenin son g\u00fcn\u00fcnde ise NATO d\u0131\u015fi\u015fleri bakanlar\u0131, AB D\u0131\u015fi\u015fleri ve G\u00fcvenlik Politikas\u0131 Y\u00fcksek Temsilcisi Catherine Ashton, Avrupa G\u00fcvenlik ve \u0130\u015fbirli\u011fi Te\u015fkilat\u0131 (AG\u0130T) Ba\u015fkan\u0131 Didier Burkhalter ve Avrupa Konseyi Genel Sekreteri Thorbjorn Jagland ile dan\u0131\u015fmalarda bulunacak. NATO savunma bakanlar\u0131n\u0131n da ayn\u0131 g\u00fcn i\u015fbirli\u011fi olanaklar\u0131n\u0131 geni\u015fletmek amac\u0131yla Avustralya, Finlandiya, G\u00fcrcistan, \u00dcrd\u00fcn ve \u0130sve\u00e7\u2019ten mevkida\u015flar\u0131yla bir araya gelmesi \u00f6ng\u00f6r\u00fcl\u00fcyor. NATO Zirvesi&#8217;nin, planl\u0131 toplant\u0131lar\u0131n yan\u0131 s\u0131ra \u00e7ok say\u0131da ikili temasa da ev sahipli\u011fi yapmas\u0131 bekleniyor.<\/p>\n<h2 style=\"color: #504b44;\">Zirvenin \u00f6nceli\u011fi \u0130\u015fid ve Ukrayna krizi<\/h2>\n<p><a href=\"http:\/\/www.nationalturk.com\/tr\/wp-content\/uploads\/2014\/09\/NATO-Summit-2014-Newport-Wales-UK.jpg\"><img loading=\"lazy\" decoding=\"async\" class=\"alignnone size-full wp-image-194129\" src=\"http:\/\/www.nationalturk.com\/tr\/wp-content\/uploads\/2014\/09\/NATO-Summit-2014-Newport-Wales-UK.jpg\" alt=\"NATO-Summit-2014-Newport-Wales-UK\" width=\"610\" height=\"405\" title=\"\" srcset=\"https:\/\/www.nationalturk.com\/tr\/wp-content\/uploads\/2014\/09\/NATO-Summit-2014-Newport-Wales-UK.jpg 610w, https:\/\/www.nationalturk.com\/tr\/wp-content\/uploads\/2014\/09\/NATO-Summit-2014-Newport-Wales-UK-180x120.jpg 180w, https:\/\/www.nationalturk.com\/tr\/wp-content\/uploads\/2014\/09\/NATO-Summit-2014-Newport-Wales-UK-280x185.jpg 280w, https:\/\/www.nationalturk.com\/tr\/wp-content\/uploads\/2014\/09\/NATO-Summit-2014-Newport-Wales-UK-542x360.jpg 542w\" sizes=\"auto, (max-width: 610px) 100vw, 610px\" \/><\/a><\/p>\n<p>NATO zivesinde birinci \u00f6ncelik \u0130\u015fid ter\u00f6r\u00fc Ba\u015fta ABD ve \u0130ngiltere Ortado\u011fuya yap\u0131lacak olan bir askeri harekat i\u00e7in destek arayacaklar Fransa ve Almanyan\u0131n bu deste\u011fi verecekleri kapal\u0131 kap\u0131lar ard\u0131nda konu\u015fuluyo \u0130\u015fid ter\u00f6r\u00fc T\u00fcrkiyeyide yak\u0131ndan ilgilendiriyor.<\/p>\n<p>NATO&#8217;nun a\u011f\u0131r toplar\u0131 olan ABD, \u0130ngiltere ve Fransa, T\u00fcrkiyeden i\u015fid ter\u00f6r \u00f6rg\u00fct\u00fcne verdi\u011fi \u00fcst\u00fc \u00f6rt\u00fcl\u00fc deste\u011fi \u00e7ekmesini isteyecekler, baz\u0131 askeri NATO analizcilerine g\u00f6re T\u00fcrkiyenin NATO&#8217;daki kaderide bu toplant\u0131dan sonra belli olacak.<\/p>\n<h3 style=\"color: #504b44;\">Afganistan&#8217;dan \u00e7ekilme riski<\/h3>\n<p style=\"color: #504b44;\">Afganistan&#8217;da 2003\u2019ten bu yana s\u00fcrd\u00fcrd\u00fc\u011f\u00fc Uluslararas\u0131 G\u00fcvenlik Destek G\u00fcc\u00fc (ISAF) misyonunun \u201cg\u00f6revini tamamlad\u0131\u011f\u0131n\u0131\u201d 4-5 Eyl\u00fcl\u2019de Galler\u2019de d\u00fczenlenecek zirvede ilan etmeye haz\u0131rlanan NATO, Afgan makamlar\u0131n\u0131n gerekli ad\u0131mlar\u0131 atmamas\u0131 nedeniyle 2014 sonunda \u201ctoptan \u00e7ekilme\u201d riskiyle kar\u015f\u0131 kar\u015f\u0131ya. NATO, Afganistan\u2019dan 2014 sonras\u0131nda b\u00fcy\u00fck \u00f6l\u00e7\u00fcde \u00e7ekilmeyi ve g\u00f6rev tan\u0131m\u0131 de\u011fi\u015fecek azami 12 bin asker b\u0131rakarak \u201cKararl\u0131 Destek\u201d misyonunu devreye sokmay\u0131 planl\u0131yor.<\/p>\n<p style=\"color: #504b44;\">\u201cKararl\u0131 Destek\u201d misyonunda g\u00f6rev alacak birimlerin me\u015fru m\u00fcdafaa d\u0131\u015f\u0131nda silah kullanmas\u0131 s\u00f6z konusu olmayacak ve g\u00f6rev alanlar\u0131 dan\u0131\u015fma, e\u011fitim ve destekle s\u0131n\u0131rl\u0131 kalacak. Ancak bu de\u011fi\u015fimin sa\u011flanabilmesi ve NATO\u2019nun bu \u00fclkede kalabilmesi i\u00e7in Afganistan\u2019\u0131n ABD ile ikili g\u00fcvenlik anla\u015fmas\u0131n\u0131, NATO ile de g\u00fc\u00e7lerin durumu anla\u015fmas\u0131n\u0131 (SOFA) imzalamas\u0131 gerekiyor. \u015eu a\u015famaya kadar bu iki belgenin Afgan i\u00e7 siyasetindeki belirsizlik, dengeler ve uluslararas\u0131 mali destek alan\u0131ndaki sorunlar nedeniyle imzalanmamas\u0131 ise NATO\u2019yu \u201cen k\u00f6t\u00fc senaryo\u201d riskiyle kar\u015f\u0131 kar\u015f\u0131ya b\u0131rak\u0131yor.<\/p>\n<p style=\"color: #504b44;\">NATO kaynaklar\u0131, Afganistan\u2019daki ISAF unsurlar\u0131n\u0131n \u00e7ekilebilmesi i\u00e7in belli bir zamana ihtiya\u00e7 duyuldu\u011funu belirterek \u201cBelgeler imzalanmazsa yeni misyon i\u00e7in yasal \u00e7er\u00e7eve olu\u015fmayaca\u011f\u0131ndan NATO, 2014 sonunda Afganistan\u2019dan tamamen \u00e7ekilmek zorunda kal\u0131r. Hala zaman var ama her ge\u00e7en g\u00fcn iyiden iyiye daral\u0131yor\u201d dedi. NATO ile Afganistan aras\u0131ndaki s\u0131k\u0131nt\u0131n\u0131n bir yans\u0131mas\u0131 olarak bu \u00fclke, Galler\u2019deki zirvenin en \u00f6nemli konular\u0131 aras\u0131nda yer alacak olmas\u0131na ra\u011fmen, d\u00fc\u015f\u00fck d\u00fczeyde temsil edilecek. Yeni devlet ba\u015fkan\u0131n\u0131n belirlenememesi ve mevcut Devlet Ba\u015fkan\u0131 Hamid Karzai\u2019nin zirveye kat\u0131lmak istememesi nedeniyle Afganistan\u2019\u0131 Savunma Bakan\u0131 Bismillah Muhammedi temsil edecek.<\/p>\n<p style=\"color: #504b44;\"><!-- Error, Advert is not available at this time due to schedule\/geolocation restrictions! -->\n<p style=\"color: #504b44;\">\n","protected":false},"excerpt":{"rendered":"<p>Birle\u015fik Krall\u0131\u011f\u0131n Galler b\u00f6lgesinde Newport&#8217;ta d\u00fczenlenecek NATO zirvesi tarihin en kritik toplant\u0131lar\u0131ndan biri olmaya aday.<\/p>\n","protected":false},"author":761,"featured_media":194123,"comment_status":"open","ping_status":"open","sticky":false,"template":"","format":"standard","meta":{"_acf_changed":false,"footnotes":""},"categories":[6768,6770,6665,6155,5005,6202,349],"tags":[2160,94873,1874,171970,31346,171969,100872,171801,171971,171972,104288],"class_list":["post-172992","post","type-post","status-publish","format-standard","has-post-thumbnail","hentry","category-amerika","category-avrupa","category-dunya","category-gundem","category-manset","category-politika","category-son-dakika","tag-finlandiya","tag-galler","tag-ingiltere","tag-ingiltere-galler-bolgesi","tag-nato","tag-nato-ingiltere-galler","tag-nato-zirvesi","tag-nato-zirvesi-galler","tag-nato-zirvesi-ingiltere-galler","tag-nato-zirvesinin-onceligi-isid","tag-turkiye-nato"],"acf":[],"_links":{"self":[{"href":"https:\/\/www.nationalturk.com\/tr\/wp-json\/wp\/v2\/posts\/172992","targetHints":{"allow":["GET"]}}],"collection":[{"href":"https:\/\/www.nationalturk.com\/tr\/wp-json\/wp\/v2\/posts"}],"about":[{"href":"https:\/\/www.nationalturk.com\/tr\/wp-json\/wp\/v2\/types\/post"}],"author":[{"embeddable":true,"href":"https:\/\/www.nationalturk.com\/tr\/wp-json\/wp\/v2\/users\/761"}],"replies":[{"embeddable":true,"href":"https:\/\/www.nationalturk.com\/tr\/wp-json\/wp\/v2\/comments?post=172992"}],"version-history":[{"count":1,"href":"https:\/\/www.nationalturk.com\/tr\/wp-json\/wp\/v2\/posts\/172992\/revisions"}],"predecessor-version":[{"id":305454,"href":"https:\/\/www.nationalturk.com\/tr\/wp-json\/wp\/v2\/posts\/172992\/revisions\/305454"}],"wp:featuredmedia":[{"embeddable":true,"href":"https:\/\/www.nationalturk.com\/tr\/wp-json\/wp\/v2\/media\/194123"}],"wp:attachment":[{"href":"https:\/\/www.nationalturk.com\/tr\/wp-json\/wp\/v2\/media?parent=172992"}],"wp:term":[{"taxonomy":"category","embeddable":true,"href":"https:\/\/www.nationalturk.com\/tr\/wp-json\/wp\/v2\/categories?post=172992"},{"taxonomy":"post_tag","embeddable":true,"href":"https:\/\/www.nationalturk.com\/tr\/wp-json\/wp\/v2\/tags?post=172992"}],"curies":[{"name":"wp","href":"https:\/\/api.w.org\/{rel}","templated":true}]}}