{"id":18084,"date":"2010-03-29T13:26:59","date_gmt":"2010-03-29T11:26:59","guid":{"rendered":"http:\/\/www.nationalturk.com\/?p=18084"},"modified":"2010-03-29T13:26:59","modified_gmt":"2010-03-29T11:26:59","slug":"kocaeli-nazmiye-k-cinayeti","status":"publish","type":"post","link":"https:\/\/www.nationalturk.com\/tr\/kocaeli-nazmiye-k-cinayeti\/","title":{"rendered":"Kocaeli&#8217;de cinayet"},"content":{"rendered":"<p><strong><img loading=\"lazy\" decoding=\"async\" class=\"alignleft size-medium wp-image-18085\" src=\"http:\/\/www.nationalturk.com\/tr\/wp-content\/uploads\/2010\/03\/bicak_cinayett-280x186.jpg\" alt=\"\" width=\"168\" height=\"112\" title=\"\" srcset=\"https:\/\/www.nationalturk.com\/tr\/wp-content\/uploads\/2010\/03\/bicak_cinayett-280x186.jpg 280w, https:\/\/www.nationalturk.com\/tr\/wp-content\/uploads\/2010\/03\/bicak_cinayett.Jpeg 300w\" sizes=\"auto, (max-width: 168px) 100vw, 168px\" \/>Kocaeli\u2019nin K\u00f6rfez il\u00e7esinde Nazmiye K. (35) adl\u0131 kad\u0131n g\u00f6\u011fs\u00fcnden b\u0131\u00e7aklanarak \u00f6ld\u00fcr\u00fclm\u00fc\u015f halde bulundu.<\/strong><\/p>\n<p>Yavuz Selim Mahallesi\u2019ndeki bir akaryak\u0131t istasyonunun yak\u0131n\u0131ndaki arazide cesedin bulunmas\u0131n\u0131n ard\u0131ndan soru\u015fturma ba\u015flatan polis ekipleri, \u00a0Nazmiye K.&#8217;n\u0131n akaryak\u0131t istasyonunda temizlik g\u00f6revlisi olarak \u00e7al\u0131\u015ft\u0131\u011f\u0131n\u0131 ve e\u015fi K.K ile s\u0131k s\u0131k k\u0131skan\u00e7l\u0131k y\u00fcz\u00fcnden tart\u0131\u015ft\u0131\u011f\u0131n\u0131 belirledi.<\/p>\n<p>Polis ekipleri cinayet zanl\u0131s\u0131 olarak K.K\u2019n\u0131n yakalanmas\u0131 i\u00e7in \u00e7al\u0131\u015fma ba\u015flatt\u0131.<\/p>\n<span style=\"font-weight: bold; color: #f00;\">Error, group does not exist! Check your syntax! (ID: 103)<\/span>\n<span style=\"font-weight: bold; color: #f00;\">Error, group does not exist! Check your syntax! (ID: 102)<\/span>\n","protected":false},"excerpt":{"rendered":"<p>Kocaeli\u2019nin K\u00f6rfez il\u00e7esinde Nazmiye K. (35) adl\u0131 kad\u0131n g\u00f6\u011fs\u00fcnden b\u0131\u00e7aklanarak \u00f6ld\u00fcr\u00fclm\u00fc\u015f halde bulundu.<\/p>\n","protected":false},"author":4,"featured_media":192343,"comment_status":"open","ping_status":"open","sticky":false,"template":"","format":"standard","meta":{"_acf_changed":false,"footnotes":""},"categories":[6155,5005,6805],"tags":[5587],"class_list":["post-18084","post","type-post","status-publish","format-standard","has-post-thumbnail","hentry","category-gundem","category-manset","category-turkiye","tag-kocaeli-korfez"],"acf":[],"_links":{"self":[{"href":"https:\/\/www.nationalturk.com\/tr\/wp-json\/wp\/v2\/posts\/18084","targetHints":{"allow":["GET"]}}],"collection":[{"href":"https:\/\/www.nationalturk.com\/tr\/wp-json\/wp\/v2\/posts"}],"about":[{"href":"https:\/\/www.nationalturk.com\/tr\/wp-json\/wp\/v2\/types\/post"}],"author":[{"embeddable":true,"href":"https:\/\/www.nationalturk.com\/tr\/wp-json\/wp\/v2\/users\/4"}],"replies":[{"embeddable":true,"href":"https:\/\/www.nationalturk.com\/tr\/wp-json\/wp\/v2\/comments?post=18084"}],"version-history":[{"count":0,"href":"https:\/\/www.nationalturk.com\/tr\/wp-json\/wp\/v2\/posts\/18084\/revisions"}],"wp:featuredmedia":[{"embeddable":true,"href":"https:\/\/www.nationalturk.com\/tr\/wp-json\/wp\/v2\/media\/192343"}],"wp:attachment":[{"href":"https:\/\/www.nationalturk.com\/tr\/wp-json\/wp\/v2\/media?parent=18084"}],"wp:term":[{"taxonomy":"category","embeddable":true,"href":"https:\/\/www.nationalturk.com\/tr\/wp-json\/wp\/v2\/categories?post=18084"},{"taxonomy":"post_tag","embeddable":true,"href":"https:\/\/www.nationalturk.com\/tr\/wp-json\/wp\/v2\/tags?post=18084"}],"curies":[{"name":"wp","href":"https:\/\/api.w.org\/{rel}","templated":true}]}}