{"id":18116,"date":"2010-03-29T22:20:20","date_gmt":"2010-03-29T20:20:20","guid":{"rendered":"http:\/\/www.nationalturk.com\/?p=18116"},"modified":"2010-05-14T18:17:21","modified_gmt":"2010-05-14T16:17:21","slug":"alp-can-vefat","status":"publish","type":"post","link":"https:\/\/www.nationalturk.com\/tr\/alp-can-vefat\/","title":{"rendered":"De\u011ferli Gazeteci Alp Can Vefat etti."},"content":{"rendered":"<h1><a title=\"De\u011ferli Gazeteci Alp Can Vefat Etti\" href=\"http:\/\/www.nationalturk.com\/tr\/wp-content\/uploads\/2010\/03\/alp-can-vefat.jpg\" target=\"_blank\"><\/a><a href=\"http:\/\/www.nationalturk.com\/tr\/wp-content\/uploads\/2010\/03\/alp-can-vefat1.jpg\" target=\"_blank\"><\/a><a title=\"De\u011ferli Gazeteci Alp Can Vefat Etti\" href=\"http:\/\/www.nationalturk.com\/tr\/wp-content\/uploads\/2010\/03\/alp-can-vefat2.jpg\" target=\"_blank\"><img loading=\"lazy\" decoding=\"async\" class=\"alignleft size-medium wp-image-18123\" title=\"De\u011ferli Gazeteci Alp Can Vefat Etti\" src=\"http:\/\/www.nationalturk.com\/tr\/wp-content\/uploads\/2010\/03\/alp-can-vefat2-192x220.jpg\" alt=\"De\u011ferli Gazeteci Alp Can Vefat Etti\" width=\"192\" height=\"220\" srcset=\"https:\/\/www.nationalturk.com\/tr\/wp-content\/uploads\/2010\/03\/alp-can-vefat2-192x220.jpg 192w, https:\/\/www.nationalturk.com\/tr\/wp-content\/uploads\/2010\/03\/alp-can-vefat2.jpg 280w\" sizes=\"auto, (max-width: 192px) 100vw, 192px\" \/><\/a>T\u00fcrk Bas\u0131n\u0131 bir k\u0131ymetini daha kaybetti.<\/h1>\n<p><strong>Geli\u015fimspor, Fotospor ve Terc\u00fcman gazetesinde \u00e7al\u0131\u015fan\u00a0ve kuruldu\u011fundan beri BirG\u00fcn gazetesinde Spor M\u00fcd\u00fcr\u00fc olarak g\u00f6rev yapan gen\u00e7 gazeteci\u00a0Alp Can bu ak\u015fam \u00fczeri ge\u00e7irdi\u011fi ani bir kalp krizi neticesinde hayat\u0131n\u0131 kaybetti.<\/strong><\/p>\n<p>De\u011ferli gazeteci Alp Can&#8217;\u0131n beklenmedik vefat\u0131\u00a0t\u00fcm spor camias\u0131nda\u00a0b\u00fcy\u00fck \u00fcz\u00fcnt\u00fc yaratt\u0131.<\/p>\n<p>Spor Yazarlar\u0131 Derne\u011fi \u00fcyesi olan gen\u00e7 gazeteci Alp Can&#8217;\u0131n cenazesi yar\u0131n (30 Mart Sal\u0131) Zincirlikuyu Camiinde k\u0131l\u0131nacak \u00f6\u011fle namaz\u0131ndan sonra Zincirlikuyu Mezarl\u0131\u011f\u0131nda defnedilecek.<\/p>\n<p>Merhuma Alllah&#8217;tan rahmet, Ailesine ba\u015fsa\u011fl\u0131\u011f\u0131 dileriz.<\/p>\n<p><strong>NationalTurk<\/strong><\/p>\n","protected":false},"excerpt":{"rendered":"<p>De\u011ferli Gazeteci Alp Can&#8217;\u0131n bu ak\u015fam \u00fczeri ge\u00e7irdi\u011fi ani bir kalp krizi neticesinde hayat\u0131n\u0131 kaybetti<\/p>\n","protected":false},"author":6,"featured_media":192336,"comment_status":"open","ping_status":"open","sticky":false,"template":"","format":"standard","meta":{"_acf_changed":false,"footnotes":""},"categories":[6773,8338,8244,6774,6775,5005,6776,6194,6777,6778,6805],"tags":[19357,19358,19359,14386,19355,19354,19360,19362,19361,19356],"class_list":["post-18116","post","type-post","status-publish","format-standard","has-post-thumbnail","hentry","category-atletizm","category-basketbol","category-fifa-dunya-kupasi","category-futbol","category-golf","category-manset","category-rugby","category-spor","category-su-sporlari","category-tenis","category-turkiye","tag-alp-can","tag-alp-can-vefat","tag-alp-can-vefat-etti","tag-birgun-gazetesi","tag-fotospor","tag-gelisimspor","tag-kalp-krizi","tag-spor-yazarlari-dernegi","tag-spor-yazarlari-dernegi-uyesi","tag-tercuman-gazetesi"],"acf":[],"_links":{"self":[{"href":"https:\/\/www.nationalturk.com\/tr\/wp-json\/wp\/v2\/posts\/18116","targetHints":{"allow":["GET"]}}],"collection":[{"href":"https:\/\/www.nationalturk.com\/tr\/wp-json\/wp\/v2\/posts"}],"about":[{"href":"https:\/\/www.nationalturk.com\/tr\/wp-json\/wp\/v2\/types\/post"}],"author":[{"embeddable":true,"href":"https:\/\/www.nationalturk.com\/tr\/wp-json\/wp\/v2\/users\/6"}],"replies":[{"embeddable":true,"href":"https:\/\/www.nationalturk.com\/tr\/wp-json\/wp\/v2\/comments?post=18116"}],"version-history":[{"count":0,"href":"https:\/\/www.nationalturk.com\/tr\/wp-json\/wp\/v2\/posts\/18116\/revisions"}],"wp:featuredmedia":[{"embeddable":true,"href":"https:\/\/www.nationalturk.com\/tr\/wp-json\/wp\/v2\/media\/192336"}],"wp:attachment":[{"href":"https:\/\/www.nationalturk.com\/tr\/wp-json\/wp\/v2\/media?parent=18116"}],"wp:term":[{"taxonomy":"category","embeddable":true,"href":"https:\/\/www.nationalturk.com\/tr\/wp-json\/wp\/v2\/categories?post=18116"},{"taxonomy":"post_tag","embeddable":true,"href":"https:\/\/www.nationalturk.com\/tr\/wp-json\/wp\/v2\/tags?post=18116"}],"curies":[{"name":"wp","href":"https:\/\/api.w.org\/{rel}","templated":true}]}}