{"id":194340,"date":"2014-09-05T11:51:34","date_gmt":"2014-09-05T08:51:34","guid":{"rendered":"http:\/\/www.nationalturk.com\/?p=194340"},"modified":"2022-09-11T16:44:01","modified_gmt":"2022-09-11T13:44:01","slug":"bulent-yukselhurser-tekinoktayi-konuk-ediyor-fulya-davasi-masaya-yatiriliyor-194340","status":"publish","type":"post","link":"https:\/\/www.nationalturk.com\/tr\/bulent-yukselhurser-tekinoktayi-konuk-ediyor-fulya-davasi-masaya-yatiriliyor-194340\/","title":{"rendered":"B\u00fclent Y\u00fcksel, H\u00fcrser Tekinoktay&#8217;\u0131 konuk ediyor&#8230;Fulya Davas\u0131 masaya yat\u0131r\u0131l\u0131yor!"},"content":{"rendered":"<p>Kamuoyunda Fulya Davas\u0131 olarak bilinen,Be\u015fikta\u015f Jimnastik K\u00fcl\u00fcb\u00fcn\u2019\u00fcn maddi ve manevi zarara u\u011frad\u0131\u011f\u0131 haklar\u0131n\u0131,\u015fike s\u00fcrecini, UEFA mali kriterlerine uyumsuzlu\u011fu gibi bir \u00e7ok sorununu i\u00e7eren dava bug\u00fcn 87.7 frekansl\u0131 T\u00fcrkiye&#8217;nin yeni spor radyosu Radyo 24 Spor&#8217;da Saat 13.00&#8217;te B\u00fclent Y\u00fcksel konu\u011fu H\u00fcrser Tekinoktay&#8217;la birlikte masaya yat\u0131r\u0131yor.Radyo 24 Spor Gazeteport.Com&#8217;dan canl\u0131 olarak dinlenebiliyor.<\/p>\n<h2>B\u00fclent Y\u00fcksel: Fulya davas\u0131na ve H\u00fcrser Tekinoktay&#8217;a sosyal medyada destek b\u00fcy\u00fcyor!<\/h2>\n<p>Be\u015fikta\u015f taraftar\u0131n\u0131n ak\u0131betini merakla bekledi\u011fi davada tepki giderek art\u0131yor! Be\u015fikta\u015f&#8217;\u0131n y\u0131llard\u0131r zarar eden sisteminin sorgulanmas\u0131,ibra edilen 2007 Mali kongresine geri d\u00f6n\u00fclmesi,maddi ve manevi zararlarla ku\u015fat\u0131lan k\u00fcl\u00fcb\u00fcn 1 milyar&#8217;a yak\u0131n bor\u00e7unun ne olaca\u011f\u0131n\u0131,\u015fike s\u00fcrecinde men edilen finansal fair play uyumsuzlu\u011fu,evrakta sahtecilik gibi konular\u0131 i\u00e7eren fulya davas\u0131n\u0131n en b\u00fcy\u00fck takip\u00e7isi \u015f\u00fcphesizki Be\u015fikta\u015f taraftar\u0131&#8230;<\/p>\n<p>Be\u015fikta\u015f&#8217;\u0131n tarihinde milat olabilecek bir dava olan Fulya davas\u0131 ne yaz\u0131kki kamoyounda belli \u00e7evreler taraf\u0131ndan \u00f6rtbas edilmeye \u00e7al\u0131\u015f\u0131l\u0131rken,davan\u0131n sahibi olan Be\u015fikta\u015f taraftar\u0131 ise hi\u00e7bir zaman deste\u011fini esirgemiyor.<\/p>\n<p>\u015eikeye kar\u015f\u0131 verdi\u011fi m\u00fccadeleyle bilinen,korkusuz radyocu B\u00fclent Y\u00fcksel&#8217;in haz\u0131rlay\u0131p sundu\u011fu spor program\u0131,adeta ta\u015flar\u0131 yerinden oynatacak.Be\u015fikta\u015f Kongre \u00dcyesi ve Teknik Direkt\u00f6r H\u00fcrser Tekinoktay, Fulya Davas\u0131n\u0131n bilinen ve bilinmeyen b\u00fct\u00fcn y\u00f6nleriyle, s\u00fcrecin ak\u0131betini Be\u015fikta\u015f taraftar\u0131yla payla\u015facak.<\/p>\n<p>B\u00fclent Y\u00fcksel A\u015f\u00e7\u0131o\u011flu&#8217;yla aras\u0131nda ge\u00e7en konu\u015fmalar\u0131 sosyal medyadaki takip\u00e7ileriyle b\u00f6yle payla\u015ft\u0131&#8230;<\/p>\n","protected":false},"excerpt":{"rendered":"<p>Be\u015fikta\u015f kongre \u00fcyesi H\u00fcrser Tekinoktay\u2019\u0131n a\u00e7m\u0131\u015f oldu\u011fu,kamuoyunda Fulya Davas\u0131 olarak bilinen dava,B\u00fclent Y\u00fcksel&#8217;in konu\u011fu H\u00fcrser Tekinoktay&#8217;la beraber bug\u00fcn Radyo 24&#8217;te masaya yat\u0131r\u0131l\u0131yor.<\/p>\n","protected":false},"author":1119,"featured_media":201912,"comment_status":"open","ping_status":"open","sticky":false,"template":"","format":"standard","meta":{"_acf_changed":false,"footnotes":""},"categories":[6774,6194],"tags":[1748,93383,38092,11490,55664,37131,160308,14888,93385,17641,100004,48376,2269],"class_list":["post-194340","post","type-post","status-publish","format-standard","has-post-thumbnail","hentry","category-futbol","category-spor","tag-besiktas","tag-besiktas-fulya","tag-bulent","tag-bulent-yuksel","tag-fair-play","tag-fikret-orman","tag-finansal-fair-play","tag-fulya","tag-fulya-davasi","tag-hurser-tekinoktay","tag-sike-sureci","tag-uefa-kriterleri","tag-yildirim-demiroren"],"acf":[],"_links":{"self":[{"href":"https:\/\/www.nationalturk.com\/tr\/wp-json\/wp\/v2\/posts\/194340","targetHints":{"allow":["GET"]}}],"collection":[{"href":"https:\/\/www.nationalturk.com\/tr\/wp-json\/wp\/v2\/posts"}],"about":[{"href":"https:\/\/www.nationalturk.com\/tr\/wp-json\/wp\/v2\/types\/post"}],"author":[{"embeddable":true,"href":"https:\/\/www.nationalturk.com\/tr\/wp-json\/wp\/v2\/users\/1119"}],"replies":[{"embeddable":true,"href":"https:\/\/www.nationalturk.com\/tr\/wp-json\/wp\/v2\/comments?post=194340"}],"version-history":[{"count":0,"href":"https:\/\/www.nationalturk.com\/tr\/wp-json\/wp\/v2\/posts\/194340\/revisions"}],"wp:featuredmedia":[{"embeddable":true,"href":"https:\/\/www.nationalturk.com\/tr\/wp-json\/wp\/v2\/media\/201912"}],"wp:attachment":[{"href":"https:\/\/www.nationalturk.com\/tr\/wp-json\/wp\/v2\/media?parent=194340"}],"wp:term":[{"taxonomy":"category","embeddable":true,"href":"https:\/\/www.nationalturk.com\/tr\/wp-json\/wp\/v2\/categories?post=194340"},{"taxonomy":"post_tag","embeddable":true,"href":"https:\/\/www.nationalturk.com\/tr\/wp-json\/wp\/v2\/tags?post=194340"}],"curies":[{"name":"wp","href":"https:\/\/api.w.org\/{rel}","templated":true}]}}