{"id":194341,"date":"2014-09-05T11:37:19","date_gmt":"2014-09-05T08:37:19","guid":{"rendered":"http:\/\/www.nationalturk.com\/?p=194341"},"modified":"2015-02-17T12:23:36","modified_gmt":"2015-02-17T10:23:36","slug":"brezilya-yeni-kaptani-neymar-194341","status":"publish","type":"post","link":"https:\/\/www.nationalturk.com\/tr\/brezilya-yeni-kaptani-neymar-194341\/","title":{"rendered":"Brezilya&#8217;n\u0131n yeni kaptan\u0131 Neymar"},"content":{"rendered":"<h1><a href=\"http:\/\/www.nationalturk.com\/tr\/wp-content\/uploads\/2014\/09\/neymar-brezilya-kaptani.jpg\"><img loading=\"lazy\" decoding=\"async\" class=\"aligncenter size-full wp-image-194342\" src=\"http:\/\/www.nationalturk.com\/tr\/wp-content\/uploads\/2014\/09\/neymar-brezilya-kaptani.jpg\" alt=\"\" width=\"610\" height=\"349\" title=\"\" srcset=\"https:\/\/www.nationalturk.com\/tr\/wp-content\/uploads\/2014\/09\/neymar-brezilya-kaptani.jpg 610w, https:\/\/www.nationalturk.com\/tr\/wp-content\/uploads\/2014\/09\/neymar-brezilya-kaptani-280x160.jpg 280w\" sizes=\"auto, (max-width: 610px) 100vw, 610px\" \/><\/a>Brezilya&#8217;n\u0131n ba\u015f\u0131na ge\u00e7tikten sonra kendi d\u00fczenini kurmaya ba\u015flayan Dunga, tak\u0131m kaptanl\u0131\u011f\u0131n\u0131 Thiago Silva&#8217;dan al\u0131p, Neymar&#8217;a verdi.<\/h1>\n<p>Brezilya&#8217;n\u0131n 2014 FIFA D\u00fcnya Kupas\u0131&#8217;nda Almanya ve Hollanda kar\u015f\u0131s\u0131nda ald\u0131\u011f\u0131 farkl\u0131 yenilgilerin ard\u0131ndan g\u00f6revinden istifa eden Luiz Felipe Scolari&#8217;nin yerine g\u00f6reve getirilen eski milli futbolcu Dunga, tak\u0131mda ilk de\u011fi\u015fikli\u011fi kaptanl\u0131k g\u00f6revinde yapt\u0131.<\/p>\n<p>Dunga, hen\u00fcz 22 ya\u015f\u0131nda olmas\u0131na ra\u011fmen 52 kez milli forma giyen Neymar&#8217;\u0131n Thiago Siva&#8217;n\u0131n yerine kaptanl\u0131\u011fa getirildi\u011fini a\u00e7\u0131klad\u0131.<\/p>\n<p>Neymar&#8217;\u0131n Brezilya futbolu i\u00e7in bir &#8220;referans noktas\u0131&#8221; oldu\u011funu vurgulayan Dunga, &#8220;Kaptan, t\u00fcm tak\u0131ma \u00f6rnek olmal\u0131. Tak\u0131mda iyi bir arkada\u015fl\u0131k var. Neymar ise ki\u015filik ve futboluyla her ge\u00e7en g\u00fcn b\u00fcy\u00fcyerek \u00e7ocuklara \u00f6rnek te\u015fkil ediyor&#8221; dedi.<\/p>\n<p>\u015eampiyonluklar ya\u015famak i\u00e7in Neymar gibi bir\u00e7ok kaliteli futbolcuya sahip olmalar\u0131 gerekti\u011fini belirten Dunga, milli tak\u0131m\u0131n eski kaptan\u0131 Paris Saint-Germain formas\u0131 giyen Thiago Silva ile bu durumu konu\u015ftu\u011funu da belirterek, &#8220;Lider oyunculara daha fazla ihtiyac\u0131m\u0131z var. Kaptanl\u0131k pazubenti takmamak, oyuncular\u0131 daha az lider yapmaz&#8221; ifadesini kulland\u0131.<\/p>\n<p><strong>Muhte\u015fem Rio Karnaval\u0131 Video G\u00f6r\u00fcnt\u00fcleri<\/strong><\/p>\n<div style=\"width: 640px;\" class=\"wp-video\"><video class=\"wp-video-shortcode\" id=\"video-194341-1\" width=\"640\" height=\"360\" autoplay preload=\"metadata\" controls=\"controls\"><source type=\"video\/x-flv\" src=\"http:\/\/www.nationalturk.com\/tr\/wp-content\/uploads\/2015\/02\/Brezilya-Turlari-Rio-Karnavali.flv?_=1\" \/><a href=\"http:\/\/www.nationalturk.com\/tr\/wp-content\/uploads\/2015\/02\/Brezilya-Turlari-Rio-Karnavali.flv\">http:\/\/www.nationalturk.com\/tr\/wp-content\/uploads\/2015\/02\/Brezilya-Turlari-Rio-Karnavali.flv<\/a><\/video><\/div>\n<!-- Error, Advert is not available at this time due to schedule\/geolocation restrictions! -->\n","protected":false},"excerpt":{"rendered":"<p>Brezilya&#8217;n\u0131n ba\u015f\u0131na ge\u00e7tikten sonra kendi d\u00fczenini kurmaya ba\u015flayan Dunga, tak\u0131m kaptanl\u0131\u011f\u0131n\u0131 Thiago Silva&#8217;dan al\u0131p, Neymar&#8217;a verdi.<\/p>\n","protected":false},"author":3,"featured_media":194342,"comment_status":"open","ping_status":"open","sticky":false,"template":"","format":"standard","meta":{"_acf_changed":false,"footnotes":""},"categories":[6774,5005,6194],"tags":[151699,1178,184729,6594,165536,157004,24586,184727,184728,6482,69597,69607,74359,155014,69599,184726,31059],"class_list":["post-194341","post","type-post","status-publish","format-standard","has-post-thumbnail","hentry","category-futbol","category-manset","category-spor","tag-2014-fifa-dunya-kupasi","tag-brezilya","tag-brezilya-festival","tag-brezilya-milli-takimi","tag-brezilya-neymar","tag-brezilya-turlari","tag-dunga","tag-karnaval-video","tag-karnaval-videolari","tag-luiz-felipe-scolari","tag-neymar","tag-neymar-barcelona","tag-neymar-brezilya","tag-neymar-dunya-kupasi","tag-neymar-golleri","tag-rio-karnavali-video","tag-thiago-silva"],"acf":[],"_links":{"self":[{"href":"https:\/\/www.nationalturk.com\/tr\/wp-json\/wp\/v2\/posts\/194341","targetHints":{"allow":["GET"]}}],"collection":[{"href":"https:\/\/www.nationalturk.com\/tr\/wp-json\/wp\/v2\/posts"}],"about":[{"href":"https:\/\/www.nationalturk.com\/tr\/wp-json\/wp\/v2\/types\/post"}],"author":[{"embeddable":true,"href":"https:\/\/www.nationalturk.com\/tr\/wp-json\/wp\/v2\/users\/3"}],"replies":[{"embeddable":true,"href":"https:\/\/www.nationalturk.com\/tr\/wp-json\/wp\/v2\/comments?post=194341"}],"version-history":[{"count":0,"href":"https:\/\/www.nationalturk.com\/tr\/wp-json\/wp\/v2\/posts\/194341\/revisions"}],"wp:featuredmedia":[{"embeddable":true,"href":"https:\/\/www.nationalturk.com\/tr\/wp-json\/wp\/v2\/media\/194342"}],"wp:attachment":[{"href":"https:\/\/www.nationalturk.com\/tr\/wp-json\/wp\/v2\/media?parent=194341"}],"wp:term":[{"taxonomy":"category","embeddable":true,"href":"https:\/\/www.nationalturk.com\/tr\/wp-json\/wp\/v2\/categories?post=194341"},{"taxonomy":"post_tag","embeddable":true,"href":"https:\/\/www.nationalturk.com\/tr\/wp-json\/wp\/v2\/tags?post=194341"}],"curies":[{"name":"wp","href":"https:\/\/api.w.org\/{rel}","templated":true}]}}