{"id":194410,"date":"2014-09-06T09:40:06","date_gmt":"2014-09-06T06:40:06","guid":{"rendered":"http:\/\/www.nationalturk.com\/?p=194410"},"modified":"2014-09-06T09:40:06","modified_gmt":"2014-09-06T06:40:06","slug":"istabul-taksileri-zamli-tarifeye-gecti-194410","status":"publish","type":"post","link":"https:\/\/www.nationalturk.com\/tr\/istabul-taksileri-zamli-tarifeye-gecti-194410\/","title":{"rendered":"\u0130stabul taksileri zaml\u0131 tarifeye ge\u00e7ti"},"content":{"rendered":"<h1><a href=\"http:\/\/www.nationalturk.com\/tr\/wp-content\/uploads\/2014\/09\/istanbul-taksi.jpg\"><img loading=\"lazy\" decoding=\"async\" class=\"aligncenter size-full wp-image-194411\" src=\"http:\/\/www.nationalturk.com\/tr\/wp-content\/uploads\/2014\/09\/istanbul-taksi.jpg\" alt=\"\" width=\"610\" height=\"370\" title=\"\" srcset=\"https:\/\/www.nationalturk.com\/tr\/wp-content\/uploads\/2014\/09\/istanbul-taksi.jpg 610w, https:\/\/www.nationalturk.com\/tr\/wp-content\/uploads\/2014\/09\/istanbul-taksi-280x169.jpg 280w, https:\/\/www.nationalturk.com\/tr\/wp-content\/uploads\/2014\/09\/istanbul-taksi-593x360.jpg 593w\" sizes=\"auto, (max-width: 610px) 100vw, 610px\" \/><\/a>Taksiciler Esnaf Odas\u0131&#8217;n\u0131n iste\u011fi ile ortalama y\u00fczde 9 oran\u0131nda zam yap\u0131lan fiyatlar, \u0130stanbul taksilerinde uygulanmaya ba\u015fland\u0131.<\/h1>\n<p>\u0130stanbul Taksiciler Esnaf Odas\u0131&#8217;n\u0131n talebi \u00fczerine, B\u00fcy\u00fck\u015fehir Belediyesi Ula\u015f\u0131m Koordinasyon Merkezi&#8217;nin (UKOME) 27 A\u011fustos&#8217;taki karar\u0131yla taksi \u00fccretlerine zam yap\u0131ld\u0131.<\/p>\n<p>Ortalama y\u00fczde 9 oran\u0131ndaki zaml\u0131 tarife uygulanmaya ba\u015fland\u0131. \u0130stanbul&#8217;daki 18 bin taksi, karar gere\u011fi taksimetrelerini ayarlad\u0131.<\/p>\n<p>Yeni tarifeye g\u00f6re, taksimetre a\u00e7\u0131l\u0131\u015f \u00fccreti 2,95 TL&#8217;den 3,20 TL&#8217;ye, kilometre ba\u015f\u0131na \u00fccret 1,83 TL&#8217;den 2 TL&#8217;ye, 5 dakikadan sonraki 1&#8217;er dakikal\u0131k bekleme periyodu da 0,27 TL&#8217;den 0,35 TL&#8217;ye y\u00fckseltildi.<\/p>\n<p>Taksicilerden taksimetre ayar \u00fccretlerine tepki<\/p>\n<p>Zamdan sonra taksimetre ayarlar\u0131n\u0131 yapt\u0131rmaya giden baz\u0131 taksiciler, ayarlama \u00fccretlerine zam geldi\u011fini \u00f6\u011frenince tepki g\u00f6sterdi.<\/p>\n<p>Sultanahmet Taksiciler Kooperatifi Ba\u015fkan\u0131 Adnan Fincan, taksimetre ayar \u00fccretinin 78 liradan 147 liraya y\u00fckseltildi\u011fini belirterek, &#8220;Biz bu kadar y\u00fcksek zam m\u0131 ald\u0131k da b\u00f6yle bir zam yap\u0131ld\u0131&#8221; dedi.<\/p>\n<p>Ald\u0131klar\u0131 zam y\u00fczde 9&#8217;da kal\u0131rken, taksimetre ayar \u00fccretlerinin a\u015f\u0131r\u0131 y\u00fckselmesini anlams\u0131z bulduklar\u0131n\u0131 dile getiren Fincan, d\u00fcnyan\u0131n hi\u00e7bir yerinde b\u00f6yle orant\u0131s\u0131z zam yap\u0131lmad\u0131\u011f\u0131n\u0131 s\u00f6yledi.<\/p>\n<p>Taksimetre ayar\u0131 yapan firmalardan Tetas Elektronik&#8217;in m\u00fcd\u00fcr\u00fc H\u00fcseyin \u0130ncekara ise \u00fccretlerin y\u00fckselmesinin kendileriyle alakal\u0131 olmad\u0131\u011f\u0131n\u0131, taksimetre tarife, muayene, m\u00fch\u00fcr ve damga hakk\u0131ndaki y\u00f6netmeli\u011fin de\u011fi\u015fmesinden kaynakland\u0131\u011f\u0131n\u0131 ifade etti.<\/p>\n<p>\u0130ncekara, &#8220;\u00dccretin sadece 102 liras\u0131n\u0131 biz al\u0131yoruz. 47 liras\u0131, Bilim, Sanayi ve Teknoloji Bakanl\u0131\u011f\u0131&#8217;n\u0131n yasal m\u00fch\u00fcr \u00fccretidir. Bu yasal \u00fccret daha \u00f6nce yakla\u015f\u0131k 12 lirayd\u0131. Bunun b\u00f6yle y\u00fckselmesi de bakanl\u0131\u011f\u0131n daha \u00f6nce memurlar\u0131n\u0131n yapt\u0131\u011f\u0131 i\u015fleri, yetkilendirdi\u011fi kurulu\u015flara vermesiyle oldu. Y\u00f6netmelik de\u011fi\u015fikli\u011finde de bu \u00fccretlerin ne kadar oldu\u011fu a\u00e7\u0131k\u00e7a belirtilmi\u015ftir. Bizim yapt\u0131\u011f\u0131m\u0131z zam da y\u00fczde 10&#8217;da kald\u0131. Taksicilerin ald\u0131\u011f\u0131 zamm\u0131n \u00e7ok \u00fczerinde bir zam uygulamad\u0131k&#8221; diye konu\u015ftu.<\/p>\n<!-- Error, Advert is not available at this time due to schedule\/geolocation restrictions! -->\n","protected":false},"excerpt":{"rendered":"<p>Taksiciler Esnaf Odas\u0131&#8217;n\u0131n iste\u011fi ile ortalama y\u00fczde 9 oran\u0131nda zam yap\u0131lan fiyatlar, \u0130stanbul taksilerinde uygulanmaya ba\u015fland\u0131.<\/p>\n","protected":false},"author":3,"featured_media":194411,"comment_status":"open","ping_status":"open","sticky":false,"template":"","format":"standard","meta":{"_acf_changed":false,"footnotes":""},"categories":[6155,5005],"tags":[87653,172294,7487,172291,120730],"class_list":["post-194410","post","type-post","status-publish","format-standard","has-post-thumbnail","hentry","category-gundem","category-manset","tag-istanbul-taksi-zam","tag-istanbul-taksiciler-esnaf-odasi","tag-taksi","tag-taksi-zam","tag-ukome"],"acf":[],"_links":{"self":[{"href":"https:\/\/www.nationalturk.com\/tr\/wp-json\/wp\/v2\/posts\/194410","targetHints":{"allow":["GET"]}}],"collection":[{"href":"https:\/\/www.nationalturk.com\/tr\/wp-json\/wp\/v2\/posts"}],"about":[{"href":"https:\/\/www.nationalturk.com\/tr\/wp-json\/wp\/v2\/types\/post"}],"author":[{"embeddable":true,"href":"https:\/\/www.nationalturk.com\/tr\/wp-json\/wp\/v2\/users\/3"}],"replies":[{"embeddable":true,"href":"https:\/\/www.nationalturk.com\/tr\/wp-json\/wp\/v2\/comments?post=194410"}],"version-history":[{"count":0,"href":"https:\/\/www.nationalturk.com\/tr\/wp-json\/wp\/v2\/posts\/194410\/revisions"}],"wp:featuredmedia":[{"embeddable":true,"href":"https:\/\/www.nationalturk.com\/tr\/wp-json\/wp\/v2\/media\/194411"}],"wp:attachment":[{"href":"https:\/\/www.nationalturk.com\/tr\/wp-json\/wp\/v2\/media?parent=194410"}],"wp:term":[{"taxonomy":"category","embeddable":true,"href":"https:\/\/www.nationalturk.com\/tr\/wp-json\/wp\/v2\/categories?post=194410"},{"taxonomy":"post_tag","embeddable":true,"href":"https:\/\/www.nationalturk.com\/tr\/wp-json\/wp\/v2\/tags?post=194410"}],"curies":[{"name":"wp","href":"https:\/\/api.w.org\/{rel}","templated":true}]}}