{"id":194600,"date":"2014-09-09T09:58:39","date_gmt":"2014-09-09T06:58:39","guid":{"rendered":"http:\/\/www.nationalturk.com\/?p=194600"},"modified":"2014-09-09T09:58:39","modified_gmt":"2014-09-09T06:58:39","slug":"ab-rusya-tehdidini-dikkate-almadi-194600","status":"publish","type":"post","link":"https:\/\/www.nationalturk.com\/tr\/ab-rusya-tehdidini-dikkate-almadi-194600\/","title":{"rendered":"AB Rusya&#8217;n\u0131n tehdidini dikkate almad\u0131"},"content":{"rendered":"<h1><a href=\"http:\/\/www.nationalturk.com\/tr\/wp-content\/uploads\/2014\/09\/rusya-ab-yaptirim.jpg\"><img loading=\"lazy\" decoding=\"async\" class=\"aligncenter wp-image-194601\" src=\"http:\/\/www.nationalturk.com\/tr\/wp-content\/uploads\/2014\/09\/rusya-ab-yaptirim.jpg\" alt=\"\" width=\"610\" height=\"382\" title=\"\" srcset=\"https:\/\/www.nationalturk.com\/tr\/wp-content\/uploads\/2014\/09\/rusya-ab-yaptirim.jpg 460w, https:\/\/www.nationalturk.com\/tr\/wp-content\/uploads\/2014\/09\/rusya-ab-yaptirim-280x175.jpg 280w\" sizes=\"auto, (max-width: 610px) 100vw, 610px\" \/><\/a>Avrupa Birli\u011fi Rusya y\u00f6netiminin misilleme uyar\u0131s\u0131na kar\u015f\u0131n Rusya&#8217;ya kar\u015f\u0131 yeni ambargolar\u0131n yar\u0131ndan itibaren uygulamaya girece\u011fini a\u00e7\u0131klad\u0131.<\/h1>\n<p>Avrupa Birli\u011fi, Rusya\u2019ya yeni yapt\u0131r\u0131mlar\u0131 devreye sokma karar\u0131n\u0131 onaylarken Do\u011fu Ukrayna\u2019da sa\u011flanan ate\u015fkesi dikkate alarak bunlar\u0131n uygulanmas\u0131 i\u00e7in birka\u00e7 g\u00fcnl\u00fck s\u00fcre tan\u0131d\u0131.<\/p>\n<p>AB Konseyi Ba\u015fkan\u0131 Herman Van Rompuy, AB\u2019nin mevcut yapt\u0131r\u0131m paketini geni\u015fletti\u011fini yaz\u0131l\u0131 bir a\u00e7\u0131klamayla duyurdu, yeni listenin birka\u00e7 g\u00fcn i\u00e7inde AB Resmi Gazetesi\u2019nde yay\u0131nland\u0131ktan sonra devreye girece\u011fini belirtti.<\/p>\n<p>Van Rompuy, bu s\u00fcrenin ate\u015fkes anla\u015fmas\u0131 ve bar\u0131\u015f plan\u0131n\u0131n uygulanmas\u0131na ili\u015fkin de\u011ferlendirme yapma olana\u011f\u0131 tan\u0131yaca\u011f\u0131n\u0131 kaydederek &#8220;AB, alandaki duruma g\u00f6re \u00fczerinde anla\u015f\u0131lan yapt\u0131r\u0131mlar\u0131 t\u00fcmden ya da k\u0131smi olarak g\u00f6zden ge\u00e7irmeye haz\u0131rd\u0131r\u201d ifadesini kulland\u0131.<\/p>\n<p>AB\u2019nin geni\u015fletti\u011fi yapt\u0131r\u0131mlar \u00e7er\u00e7evesinde, Gazpromneft, Transneft ve Rosneft gibi petrol \u015firketlerinin Avrupa sermaye piyasalar\u0131na eri\u015fimine k\u0131s\u0131tlama getirilmesinin yan\u0131nda 24 ki\u015fiye ili\u015fkin seyahat yasa\u011f\u0131 ve mal varl\u0131klar\u0131n\u0131n dondurulmas\u0131 uygulamalar\u0131n\u0131n devreye sokulmas\u0131 \u00f6ng\u00f6r\u00fcl\u00fcyor.<\/p>\n<p>Finlandiya yapt\u0131r\u0131mlar\u0131n uygulanmas\u0131n\u0131n zamanlama a\u00e7\u0131s\u0131ndan sak\u0131ncal\u0131 olaca\u011f\u0131 y\u00f6n\u00fcnde g\u00f6r\u00fc\u015f belirtmeden \u00f6nce geni\u015fletilmi\u015f yapt\u0131r\u0131m listesinin bug\u00fcn AB Resmi Gazetesi&#8217;nde yay\u0131nlanarak hayata ge\u00e7irilmesi planlan\u0131yordu.<\/p>\n<!-- Error, Advert is not available at this time due to schedule\/geolocation restrictions! -->\n","protected":false},"excerpt":{"rendered":"<p>Avrupa Birli\u011fi Rusya y\u00f6netiminin misilleme uyar\u0131s\u0131na kar\u015f\u0131n Rusya&#8217;ya kar\u015f\u0131 yeni ambargolar\u0131n yar\u0131ndan itibaren uygulamaya girece\u011fini a\u00e7\u0131klad\u0131.<\/p>\n","protected":false},"author":3,"featured_media":194601,"comment_status":"open","ping_status":"open","sticky":false,"template":"","format":"standard","meta":{"_acf_changed":false,"footnotes":""},"categories":[6770,6665,6155,5005,6202],"tags":[123017,1719,157387,50712,168547,850,58357,155620],"class_list":["post-194600","post","type-post","status-publish","format-standard","has-post-thumbnail","hentry","category-avrupa","category-dunya","category-gundem","category-manset","category-politika","tag-ab-konseyi-baskani","tag-avrupa-birligi","tag-avrupa-birligi-rusya","tag-herman-van-rompuy","tag-rusya-yaptirim","tag-ukrayna","tag-ukrayna-rusya","tag-ukrayna-savas"],"acf":[],"_links":{"self":[{"href":"https:\/\/www.nationalturk.com\/tr\/wp-json\/wp\/v2\/posts\/194600","targetHints":{"allow":["GET"]}}],"collection":[{"href":"https:\/\/www.nationalturk.com\/tr\/wp-json\/wp\/v2\/posts"}],"about":[{"href":"https:\/\/www.nationalturk.com\/tr\/wp-json\/wp\/v2\/types\/post"}],"author":[{"embeddable":true,"href":"https:\/\/www.nationalturk.com\/tr\/wp-json\/wp\/v2\/users\/3"}],"replies":[{"embeddable":true,"href":"https:\/\/www.nationalturk.com\/tr\/wp-json\/wp\/v2\/comments?post=194600"}],"version-history":[{"count":0,"href":"https:\/\/www.nationalturk.com\/tr\/wp-json\/wp\/v2\/posts\/194600\/revisions"}],"wp:featuredmedia":[{"embeddable":true,"href":"https:\/\/www.nationalturk.com\/tr\/wp-json\/wp\/v2\/media\/194601"}],"wp:attachment":[{"href":"https:\/\/www.nationalturk.com\/tr\/wp-json\/wp\/v2\/media?parent=194600"}],"wp:term":[{"taxonomy":"category","embeddable":true,"href":"https:\/\/www.nationalturk.com\/tr\/wp-json\/wp\/v2\/categories?post=194600"},{"taxonomy":"post_tag","embeddable":true,"href":"https:\/\/www.nationalturk.com\/tr\/wp-json\/wp\/v2\/tags?post=194600"}],"curies":[{"name":"wp","href":"https:\/\/api.w.org\/{rel}","templated":true}]}}