{"id":19468,"date":"2010-04-13T10:36:41","date_gmt":"2010-04-13T08:36:41","guid":{"rendered":"http:\/\/www.nationalturk.com\/?p=19468"},"modified":"2010-04-14T14:22:21","modified_gmt":"2010-04-14T12:22:21","slug":"akon-guney-afrika-dunya-kupasi-sarkisi-138673","status":"publish","type":"post","link":"https:\/\/www.nationalturk.com\/tr\/akon-guney-afrika-dunya-kupasi-sarkisi-138673\/","title":{"rendered":"Akon&#8217;dan G\u00fcney Afrika D\u00fcnya Kupas\u0131 \u015fark\u0131s\u0131"},"content":{"rendered":"<p><strong><a href=\"http:\/\/www.nationalturk.com\/tr\/wp-content\/uploads\/2010\/04\/akon-dunya-kupasi-sarkisi-nationalturk.jpg\"><img loading=\"lazy\" decoding=\"async\" class=\"alignleft size-medium wp-image-19480\" title=\"Akon&#039;dan G\u00fcney Afrika D\u00fcnya Kupas\u0131 \u015fark\u0131s\u0131\" src=\"http:\/\/www.nationalturk.com\/tr\/wp-content\/uploads\/2010\/04\/akon-dunya-kupasi-sarkisi-nationalturk-280x182.jpg\" alt=\"\" width=\"280\" height=\"182\" srcset=\"https:\/\/www.nationalturk.com\/tr\/wp-content\/uploads\/2010\/04\/akon-dunya-kupasi-sarkisi-nationalturk-280x182.jpg 280w, https:\/\/www.nationalturk.com\/tr\/wp-content\/uploads\/2010\/04\/akon-dunya-kupasi-sarkisi-nationalturk.jpg 460w\" sizes=\"auto, (max-width: 280px) 100vw, 280px\" \/><\/a>D\u00fcnyaca \u00fcnl\u00fc hip hop \u015fark\u0131c\u0131s\u0131 Akon, G\u00fcney Afrika D\u00fcnya Kupas\u0131&#8217;n\u0131n resmi \u015fark\u0131c\u0131s\u0131 olarak 11 Haziran\u2019daki a\u00e7\u0131l\u0131\u015f t\u00f6reninde konser verecek.<\/strong><\/p>\n<p>Akon ayn\u0131 zamanda turnuvan\u0131n m\u00fczik y\u00f6netmeni olarak da g\u00f6rev yapacak. Senegal k\u00f6kenli sanat\u00e7\u0131, yapt\u0131\u011f\u0131 b\u00fcy\u00fck \u00e7\u0131k\u0131\u015fa, 2010 G\u00fcney Afrika D\u00fcnya Kupas\u0131 kampanyas\u0131n\u0131n soundtrack&#8217;i olan Oh Africa isimli \u015fark\u0131da eklenince son zamanlar\u0131n en \u00e7ok aranan sanat\u00e7\u0131lar\u0131ndan biri oldu.<\/p>\n<p>Keri Hilson&#8217;un da e\u015flik etti\u011fi Oh Africa isimli \u015fark\u0131 \u015fimdiden heryerde \u00e7al\u0131nmaya ba\u015flad\u0131. Pepsi de 2010 G\u00fcney Afrika D\u00fcnya Kupas\u0131 i\u00e7in d\u00fcnyaca \u00fcnl\u00fc futbolcularla bir reklam filmi \u00e7ekti.<\/p>\n<p>\u00c7in, Tayland, Polonya, \u0130spanya, M\u0131s\u0131r, Tanzanya, ABD, Meksika, T\u00fcrkiye,Yunanistan, \u0130ngiltere gibi 15 \u00fclkeden 16 gencin Akon ile seslendirdi\u011fi \u015fark\u0131n\u0131n reklam\u0131nda d\u00fcnyaca \u00fcnl\u00fc futbolcular da yer ald\u0131.<\/p>\n<p>Reklam filminde Lionel Messi ile Thierry Henry, Frank Lampard, Ricardo Kaka, \u00a0Didier Drogba, ve Andrei Arshavin rol ald\u0131. Afrika&#8217;da \u00e7ekilen reklam filmi bir hayli\u00a0 ilgi g\u00f6rd\u00fc.<\/p>\n[media id=288 width=610 height=340]\n<span style=\"font-weight: bold; color: #f00;\">Error, group does not exist! Check your syntax! (ID: 113)<\/span>\n<span style=\"font-weight: bold; color: #f00;\">Error, group does not exist! Check your syntax! (ID: 103)<\/span>\n","protected":false},"excerpt":{"rendered":"<p>D\u00fcnyaca \u00fcnl\u00fc hip hop \u015fark\u0131c\u0131s\u0131 Akon, G\u00fcney Afrika D\u00fcnya Kupas\u0131n\u0131n resmi \u015fark\u0131c\u0131s\u0131 olarak 11 Haziran\u2019daki a\u00e7\u0131l\u0131\u015f t\u00f6reninde konser verecek.<\/p>\n","protected":false},"author":3,"featured_media":192189,"comment_status":"open","ping_status":"open","sticky":false,"template":"","format":"standard","meta":{"_acf_changed":false,"footnotes":""},"categories":[6767,8244,6155,5005,342],"tags":[20897,20898,20901,20903,20939,20938,20936,601,20900,20904,5303,7946,20937,9425],"class_list":["post-19468","post","type-post","status-publish","format-standard","has-post-thumbnail","hentry","category-afrika","category-fifa-dunya-kupasi","category-gundem","category-manset","category-video","tag-akon","tag-akon-dunya-kupasi","tag-akon-fifa-sarkisi","tag-akon-keri-hilson","tag-andrei-arshavin","tag-didier-drogba","tag-frank-lampard","tag-guney-afrika","tag-hip-hop-akon","tag-keri-hilson-pepsi","tag-lady-gaga","tag-lionel-messi","tag-ricardo-kaka","tag-thierry-henry"],"acf":[],"_links":{"self":[{"href":"https:\/\/www.nationalturk.com\/tr\/wp-json\/wp\/v2\/posts\/19468","targetHints":{"allow":["GET"]}}],"collection":[{"href":"https:\/\/www.nationalturk.com\/tr\/wp-json\/wp\/v2\/posts"}],"about":[{"href":"https:\/\/www.nationalturk.com\/tr\/wp-json\/wp\/v2\/types\/post"}],"author":[{"embeddable":true,"href":"https:\/\/www.nationalturk.com\/tr\/wp-json\/wp\/v2\/users\/3"}],"replies":[{"embeddable":true,"href":"https:\/\/www.nationalturk.com\/tr\/wp-json\/wp\/v2\/comments?post=19468"}],"version-history":[{"count":0,"href":"https:\/\/www.nationalturk.com\/tr\/wp-json\/wp\/v2\/posts\/19468\/revisions"}],"wp:featuredmedia":[{"embeddable":true,"href":"https:\/\/www.nationalturk.com\/tr\/wp-json\/wp\/v2\/media\/192189"}],"wp:attachment":[{"href":"https:\/\/www.nationalturk.com\/tr\/wp-json\/wp\/v2\/media?parent=19468"}],"wp:term":[{"taxonomy":"category","embeddable":true,"href":"https:\/\/www.nationalturk.com\/tr\/wp-json\/wp\/v2\/categories?post=19468"},{"taxonomy":"post_tag","embeddable":true,"href":"https:\/\/www.nationalturk.com\/tr\/wp-json\/wp\/v2\/tags?post=19468"}],"curies":[{"name":"wp","href":"https:\/\/api.w.org\/{rel}","templated":true}]}}