{"id":195384,"date":"2014-09-18T10:57:37","date_gmt":"2014-09-18T07:57:37","guid":{"rendered":"http:\/\/www.nationalturk.com\/?p=195384"},"modified":"2014-09-18T10:57:37","modified_gmt":"2014-09-18T07:57:37","slug":"unal-aysal-fatih-terim-doneminde-transfere-122-milyon-dolar-harcadik-195384","status":"publish","type":"post","link":"https:\/\/www.nationalturk.com\/tr\/unal-aysal-fatih-terim-doneminde-transfere-122-milyon-dolar-harcadik-195384\/","title":{"rendered":"\u00dcnal Aysal: Fatih Terim d\u00f6neminde transfere 122 milyon dolar harcad\u0131k"},"content":{"rendered":"<p><img loading=\"lazy\" decoding=\"async\" class=\"alignnone size-full wp-image-195385\" src=\"http:\/\/www.nationalturk.com\/tr\/wp-content\/uploads\/2014\/09\/unal_aysal_divan.jpg\" alt=\"\u00dcnal Aysal\" width=\"610\" height=\"376\" title=\"\"><\/p>\n<h1>Yetki krizi sonras\u0131 istifas\u0131 g\u00fcndemde olan Galatasaray Ba\u015fkan\u0131 \u00dcnal Aysal, Fatih Terim d\u00f6neminde transfere 122 milyon dolar harcand\u0131\u011f\u0131n\u0131, bu rakamlar\u0131n Mancini d\u00f6neminde 27, Prandelli d\u00f6neminde ise 19 milyon dolar oldu\u011funu s\u00f6yledi.<\/h1>\n<p>Galatasaray camias\u0131, bir y\u0131l sonra yeniden Fatih Terim kriziyle kar\u015f\u0131 kar\u015f\u0131ya. Ba\u015fkan \u00dcnal Aysal ile eski teknik direkt\u00f6r Terim aras\u0131ndaki kriz, d\u00fcn ak\u015fam yap\u0131lan Ola\u011fan\u00fcst\u00fc Divan Toplant\u0131s\u0131&#8217;nda bir kez daha g\u00fcn y\u00fcz\u00fcne \u00e7\u0131kt\u0131. Kongre \u00fcyelerinin y\u00fcksek maliyetli transferlere tepki g\u00f6stermesi \u00fczerine k\u00fcrs\u00fcye gelerek ele\u015ftirilere yan\u0131t veren \u00dcnal Aysal \u015funlar\u0131 s\u00f6yledi:<\/p>\n<p>&#8220;\u0130lk teknik direkt\u00f6r\u00fcm\u00fcz (Fatih Terim) d\u00f6neminde transferlere 122.4 milyon Dolar harcad\u0131k. Mancini d\u00f6neminde 27.6 milyon dolar, Prandelli Beyefendi d\u00f6neminde 19.4 milyon Dolar \u00f6dedik.&#8221;<\/p>\n<p>Aysal, bu s\u00f6zlerle y\u00fcksek transfer giderlerinin sorumlusu olarak Fatih Terim&#8217;i i\u015faret etti.<\/p>\n<p>Bu arada kongre \u00fcyesi Hayri Kozak&#8217;\u0131n Basketbol A.\u015e. kurulmas\u0131 \u00e7al\u0131\u015fmalar\u0131n\u0131 ele\u015ftirmesi \u00fczerine Aysal, istifa edebilece\u011fi sinyali verdi. Hayri Kozak&#8217;\u0131n &#8216;Yetki iste\u011fi reddedilirse ba\u015fkan ne yapar?&#8217; sorusuna \u00dcnal Aysal, &#8220;Genel Kurul&#8217;da &#8216;2016&#8217;ya kadar burada kalmak istiyorum ama sonras\u0131nda istemiyorum \u00e7\u00fcnk\u00fc art\u0131k ya\u015fland\u0131m&#8217; dedim. &#8216;2016&#8217;ya kadar kal\u0131r\u0131m&#8217; demedim. Ne yapaca\u011f\u0131m\u0131n karar\u0131n\u0131 yar\u0131nki( bug\u00fcn ) toplant\u0131da arkada\u015flar\u0131mla konu\u015ftuktan sonra arz edece\u011fim&#8221; ifadelerini kulland\u0131.<\/p>\n<!-- Error, Advert is not available at this time due to schedule\/geolocation restrictions! -->\n","protected":false},"excerpt":{"rendered":"<p>Yetki krizi sonras\u0131 istifas\u0131 g\u00fcndemde olan Galatasaray Ba\u015fkan\u0131 \u00dcnal Aysal, Fatih Terim d\u00f6neminde transfere 122 milyon dolar harcand\u0131\u011f\u0131n\u0131, bu rakamlar\u0131n Mancini d\u00f6neminde 27, Prandelli d\u00f6neminde ise 19 milyon dolar oldu\u011funu s\u00f6yledi.<\/p>\n","protected":false},"author":4,"featured_media":195385,"comment_status":"open","ping_status":"open","sticky":false,"template":"","format":"standard","meta":{"_acf_changed":false,"footnotes":""},"categories":[6774,5005,6194],"tags":[5891,107199,143625,64385,70206,173310],"class_list":["post-195384","post","type-post","status-publish","format-standard","has-post-thumbnail","hentry","category-futbol","category-manset","category-spor","tag-fatih-terim","tag-mancini","tag-prandelli","tag-unal-aysal","tag-unal-aysal-fatih-terim","tag-unal-aysal-istifa"],"acf":[],"_links":{"self":[{"href":"https:\/\/www.nationalturk.com\/tr\/wp-json\/wp\/v2\/posts\/195384","targetHints":{"allow":["GET"]}}],"collection":[{"href":"https:\/\/www.nationalturk.com\/tr\/wp-json\/wp\/v2\/posts"}],"about":[{"href":"https:\/\/www.nationalturk.com\/tr\/wp-json\/wp\/v2\/types\/post"}],"author":[{"embeddable":true,"href":"https:\/\/www.nationalturk.com\/tr\/wp-json\/wp\/v2\/users\/4"}],"replies":[{"embeddable":true,"href":"https:\/\/www.nationalturk.com\/tr\/wp-json\/wp\/v2\/comments?post=195384"}],"version-history":[{"count":0,"href":"https:\/\/www.nationalturk.com\/tr\/wp-json\/wp\/v2\/posts\/195384\/revisions"}],"wp:featuredmedia":[{"embeddable":true,"href":"https:\/\/www.nationalturk.com\/tr\/wp-json\/wp\/v2\/media\/195385"}],"wp:attachment":[{"href":"https:\/\/www.nationalturk.com\/tr\/wp-json\/wp\/v2\/media?parent=195384"}],"wp:term":[{"taxonomy":"category","embeddable":true,"href":"https:\/\/www.nationalturk.com\/tr\/wp-json\/wp\/v2\/categories?post=195384"},{"taxonomy":"post_tag","embeddable":true,"href":"https:\/\/www.nationalturk.com\/tr\/wp-json\/wp\/v2\/tags?post=195384"}],"curies":[{"name":"wp","href":"https:\/\/api.w.org\/{rel}","templated":true}]}}