{"id":19573,"date":"2010-04-13T16:15:26","date_gmt":"2010-04-13T14:15:26","guid":{"rendered":"http:\/\/www.nationalturk.com\/?p=19573"},"modified":"2012-05-05T12:06:13","modified_gmt":"2012-05-05T09:06:13","slug":"ahmet-turk-ismail-celik-tutuklandi-video-6294633","status":"publish","type":"post","link":"https:\/\/www.nationalturk.com\/tr\/ahmet-turk-ismail-celik-tutuklandi-video-6294633\/","title":{"rendered":"Ahmet T\u00fcrk&#8217;e yumruk atan \u0130smail \u00c7elik tutukland\u0131 (Video)"},"content":{"rendered":"<p><strong>Kapat\u0131lan DTP&#8217;nin eski Genel Ba\u015fkan\u0131 Ahmet T\u00fcrk&#8217;e Samsun&#8217;da yumruklu sald\u0131r\u0131da bulunan \u0130smail \u00c7elik, polisteki sorgusunun ard\u0131ndan \u00e7\u0131kar\u0131ld\u0131\u011f\u0131 mahkemece tutuklanarak cezaevine g\u00f6nderildi. <\/strong><\/p>\n<p>\u0130smail \u00c7elik&#8217;in adliyeye getirili\u015fi s\u0131ras\u0131nda 30 ki\u015filik bir grup bayraklarla sald\u0131rgana destek g\u00f6sterisi yapt\u0131.<\/p>\n[media id=290 width=610 height=340]\n<span style=\"font-weight: bold; color: #f00;\">Error, group does not exist! Check your syntax! (ID: 64)<\/span>\n<span style=\"font-weight: bold; color: #f00;\">Error, group does not exist! Check your syntax! (ID: 53)<\/span>\n","protected":false},"excerpt":{"rendered":"<p>Kapat\u0131lan DTP&#8217;nin eski Genel Ba\u015fkan\u0131 Ahmet T\u00fcrk&#8217;e Samsun&#8217;da yumruklu sald\u0131r\u0131da bulunan \u0130smail \u00c7elik, polisteki sorgusunun ard\u0131ndan \u00e7\u0131kar\u0131ld\u0131\u011f\u0131 mahkemece tutuklanarak cezaevine g\u00f6nderildi.<\/p>\n","protected":false},"author":4,"featured_media":19577,"comment_status":"open","ping_status":"open","sticky":false,"template":"","format":"standard","meta":{"_acf_changed":false,"footnotes":""},"categories":[6155,6202,349,6805,342],"tags":[21012,20805,21008,21014,21010,21011,21009],"class_list":["post-19573","post","type-post","status-publish","format-standard","has-post-thumbnail","hentry","category-gundem","category-politika","category-son-dakika","category-turkiye","category-video","tag-ahmet-turk-ismail-celik","tag-ahmet-turk-yumruk-video","tag-ismail-celik","tag-ismail-celik-tutuklama","tag-ismail-celik-tutuklandi","tag-ismail-celik-tutuklandi-video","tag-ismail-celik-video"],"acf":[],"_links":{"self":[{"href":"https:\/\/www.nationalturk.com\/tr\/wp-json\/wp\/v2\/posts\/19573","targetHints":{"allow":["GET"]}}],"collection":[{"href":"https:\/\/www.nationalturk.com\/tr\/wp-json\/wp\/v2\/posts"}],"about":[{"href":"https:\/\/www.nationalturk.com\/tr\/wp-json\/wp\/v2\/types\/post"}],"author":[{"embeddable":true,"href":"https:\/\/www.nationalturk.com\/tr\/wp-json\/wp\/v2\/users\/4"}],"replies":[{"embeddable":true,"href":"https:\/\/www.nationalturk.com\/tr\/wp-json\/wp\/v2\/comments?post=19573"}],"version-history":[{"count":0,"href":"https:\/\/www.nationalturk.com\/tr\/wp-json\/wp\/v2\/posts\/19573\/revisions"}],"wp:featuredmedia":[{"embeddable":true,"href":"https:\/\/www.nationalturk.com\/tr\/wp-json\/wp\/v2\/media\/19577"}],"wp:attachment":[{"href":"https:\/\/www.nationalturk.com\/tr\/wp-json\/wp\/v2\/media?parent=19573"}],"wp:term":[{"taxonomy":"category","embeddable":true,"href":"https:\/\/www.nationalturk.com\/tr\/wp-json\/wp\/v2\/categories?post=19573"},{"taxonomy":"post_tag","embeddable":true,"href":"https:\/\/www.nationalturk.com\/tr\/wp-json\/wp\/v2\/tags?post=19573"}],"curies":[{"name":"wp","href":"https:\/\/api.w.org\/{rel}","templated":true}]}}