{"id":196009,"date":"2014-09-26T13:32:15","date_gmt":"2014-09-26T10:32:15","guid":{"rendered":"http:\/\/www.nationalturk.com\/?p=196009"},"modified":"2023-07-28T22:55:38","modified_gmt":"2023-07-28T19:55:38","slug":"galatasaray-kucuk-olsun-benim-oyuncagim-olsuncu-maydanoz-tayfa-196009","status":"publish","type":"post","link":"https:\/\/www.nationalturk.com\/tr\/galatasaray-kucuk-olsun-benim-oyuncagim-olsuncu-maydanoz-tayfa-196009\/","title":{"rendered":"&#8220;Galatasaray k\u00fc\u00e7\u00fck olsun benim oyunca\u011f\u0131m olsun&#8217;cu maydanoz tayfa&#8221;"},"content":{"rendered":"<p><img loading=\"lazy\" decoding=\"async\" class=\"alignnone size-large wp-image-196010\" src=\"http:\/\/www.nationalturk.com\/tr\/wp-content\/uploads\/2014\/09\/bilgin_gokberk_2033822-610x294.jpg\" alt=\"Bilgin G\u00f6kberk\" width=\"610\" height=\"294\" title=\"\" srcset=\"https:\/\/www.nationalturk.com\/tr\/wp-content\/uploads\/2014\/09\/bilgin_gokberk_2033822-610x294.jpg 610w, https:\/\/www.nationalturk.com\/tr\/wp-content\/uploads\/2014\/09\/bilgin_gokberk_2033822-280x135.jpg 280w, https:\/\/www.nationalturk.com\/tr\/wp-content\/uploads\/2014\/09\/bilgin_gokberk_2033822.jpg 615w\" sizes=\"auto, (max-width: 610px) 100vw, 610px\" \/><\/p>\n<h1>H\u00fcrriyet gazetesi yazar\u0131 Bilgin G\u00f6kberk, Ola\u011fan\u00fcst\u00fc Se\u00e7imli Genel Kurul \u00f6ncesi Galatasaray&#8217;da ya\u015fananlar\u0131 \u00e7arp\u0131c\u0131 bir yaz\u0131yla kaleme ald\u0131.<\/h1>\n<p>Bilgin G\u00f6kberk&#8217;in &#8220;Bizans BizanGS&#8217;\u0131n yan\u0131nda \u00dcsk\u00fcdar Musiki gibi&#8221; ba\u015fl\u0131kl\u0131 yaz\u0131s\u0131;<\/p>\n<p>Gs yine Gs&#8217;a kar\u015f\u0131&#8230;<br \/>\n1-2 \u015fey daha yazmak farz oldu.<br \/>\n* * *<br \/>\nBug\u00fcn ya\u015fananlar\u0131\u00a0 her\u015fey iyi giderken, herkes m\u0131\u015f\u0131l m\u0131\u015f\u0131l uyurken yazd\u0131k.<br \/>\nDedik ki;<br \/>\n\u0130lk ba\u015far\u0131s\u0131zl\u0131kta \u00f6nce Terim g\u00f6nderilir.<br \/>\nAysal y\u0131prat\u0131l\u0131r.<br \/>\nSonra o da paketlenir.<br \/>\nH\u00fcrriyet.com.tr de en az 10 BizanGS yaz\u0131s\u0131 duruyor.<br \/>\nMerak eden bulsun okusun.<br \/>\n* * *<br \/>\n\u00d6zet&#8217;i \u015fu;<br \/>\nTek \u00f6zelli\u011fi Gs Lise&#8217;li olmas\u0131 olan, Gs&#8217;a verecek bi\u015feyi olmad\u0131\u011f\u0131 halde, sadece Lise&#8217;nin emir komuta zinciri i\u00e7inde r\u00fctbe, k\u0131dem, abi-karde\u015f \u015fekillenmesi sayesinde lise kontenjan\u0131ndan her y\u00f6netime sal\u00e7a olanlar\u0131n..<br \/>\nSadece i\u00e7erde (Lise&#8217;de) ge\u00e7erli, d\u0131\u015farda hikaye olan eski Bulgar levas\u0131 modeli \u00fcyelerin..<br \/>\nGs k\u00fc\u00e7\u00fck olsun benim olsun, Gs benim oyunca\u011f\u0131m olsun&#8217;cu her\u015feye maydanoz liseci stat\u00fckocu tayfan\u0131n..<br \/>\nTek oyuncaklar\u0131n\u0131 elinden ald\u0131 Aysal.<br \/>\nO g\u00fcnden beri de oyunca\u011f\u0131 geri almak i\u00e7in \u00e7al\u0131\u015f\u0131yorlar.<br \/>\n* * *<br \/>\nBi d\u00fcn&#8217;e d\u00f6nelim..<br \/>\nTerim her \u015fey iyi giderken bi ma\u00e7 sonras\u0131 \u015f\u00f6yle dedi.<br \/>\n&#8220;San\u0131yordum ki ba\u015far\u0131s\u0131zl\u0131k durumlar\u0131nda futbol camialar\u0131, kul\u00fcpler kar\u0131\u015f\u0131r, son 1.5-2 senedir ya\u015fanan, ya\u015fat\u0131lan, s\u00fcrekli ba\u015far\u0131ya, al\u0131nan puanlara, kupalara, ilk 16&#8217;lara ra\u011fmen, bir camia durduk yere i\u00e7erden \u00e7\u00f6z\u00fclebiliyor, kar\u0131\u015ft\u0131r\u0131labiliyormu\u015f&#8221;.<br \/>\n* * *<br \/>\nT\u00fcrk\u00e7esi;<br \/>\nGs durduk yerde i\u00e7erden \u00e7\u00f6z\u00fcl\u00fcyor, kar\u0131\u015ft\u0131r\u0131l\u0131yor.<br \/>\nBunu diyen kim.<br \/>\nGs&#8217;\u0131 \u00e7ok iyi tan\u0131yan hocas\u0131.<br \/>\n* * *<br \/>\nLise&#8217;li Fatih Altayl\u0131 o d\u00fcn&#8217;lerde Aysal i\u00e7in \u015f\u00f6yle yazd\u0131;<br \/>\n&#8220;GS&#8217;\u0131n sayg\u0131n kongresinin ortal\u0131kta adam olmad\u0131\u011f\u0131 i\u00e7in, para verecek ba\u015fka kimse olmad\u0131\u011f\u0131 i\u00e7in, o koltu\u011fa oturarak sayg\u0131nl\u0131k arayan cebi dolu ba\u015fka GS&#8217;l\u0131 ortaya \u00e7\u0131kmad\u0131\u011f\u0131 i\u00e7in o koltu\u011fu &#8217;emaneten&#8217; verdi\u011fi ki\u015fi&#8221;.<br \/>\n* * *<br \/>\nAltayl\u0131, ayn\u0131 yaz\u0131da ayn\u0131 a\u015fa\u011f\u0131lay\u0131c\u0131 \u00fcslup&#8217;la dediki;<br \/>\n1-Aysal, Gs&#8217;\u0131 babas\u0131n\u0131n \u00e7iftli\u011fi gibi y\u00f6netmek istiyor.<br \/>\nAltayl\u0131 ne istiyor?<br \/>\nArkada\u015flar\u0131yla kul\u00fcb\u00fc y\u0131llard\u0131r y\u00f6nettikleri gibi babalar\u0131n\u0131n \u00e7iftli\u011fi gibi y\u00f6netmek&#8230;<br \/>\n2-Aysal Gs&#8217;\u0131 kendi mal\u0131 zannetmeye ba\u015flam\u0131\u015f.<br \/>\nY\u0131llard\u0131r Gs&#8217;\u0131 kendi mal&#8217;lar\u0131 zanneden Altayl\u0131 ve arkada\u015flar\u0131 \u015fimdi mal&#8217;lar\u0131 elden gidiyor diye pani\u011fe girmi\u015f, belli.<br \/>\n3-Aysal, eleman dedi\u011fi Terim ba\u015far\u0131l\u0131 olamad\u0131\u011f\u0131 g\u00fcn o koltuktan h\u0131zla uzakla\u015ft\u0131r\u0131lacak olan bir ba\u015fka elemanm\u0131\u015f&#8230;<br \/>\n* * *<br \/>\nKim bu zaman\u0131 geldi\u011finde h\u0131zla uzakla\u015ft\u0131r\u0131lacak olan eleman.<br \/>\nGS ba\u015fkan\u0131.<br \/>\nH\u0131zla uzakla\u015ft\u0131racak olan kim?<br \/>\nBizanGS.<br \/>\n* * *<br \/>\nT\u00fcrk\u00e7esi;<br \/>\nPolat&#8217;\u0131 i\u015fimize geldi\u011finde nas\u0131l ba\u015fkan yap\u0131p sonra nas\u0131l paketleyip postalad\u0131ysak, \u015fimdi de i\u015fimize geldi\u011fi i\u00e7in Aysal&#8217;\u0131 ba\u015fkan yapt\u0131k, i\u015fimize gelmedi\u011finde onu da postalayaca\u011f\u0131z.<br \/>\nGs biziz, Gs bizim.<br \/>\nBiz GS&#8217;\u0131n toprak sahipleriyiz, biz GS&#8217;\u0131n sahibiyiz.<br \/>\n* * *<br \/>\nMossad&#8217;\u0131 bile k\u0131skand\u0131racak bi yap\u0131lanma i\u00e7inde olan &#8216;derin Gs&#8217;, Ba\u015fkan&#8217;\u0131, ceo&#8217;yu hoca&#8217;y\u0131 istemiyordu<br \/>\n2&#8217;sine kendilerinden olmad\u0131\u011f\u0131 i\u00e7in, 3&#8217;\u00fcnc\u00fcye de kul\u00fcb\u00fc ellerinden ald\u0131\u011f\u0131 i\u00e7in kar\u015f\u0131yd\u0131 bu arkada\u015flar.<br \/>\n\u00d6nce Terim ve Aysal&#8217;\u0131n aras\u0131na girdiler.<br \/>\nAyn\u0131 ki\u015fler onu ona kar\u015f\u0131, onu da ona kar\u015f\u0131 doldurdular.<br \/>\nMilli tak\u0131m i\u015fi patlay\u0131p, siyasi otorite devreye girince..<br \/>\nOperasyon daha da kolayla\u015ft\u0131.<br \/>\nVe imparator gitti.<br \/>\nPart 1 bitti.<br \/>\nPart 2 vizyondayd\u0131.<br \/>\nS\u0131rada ceo ve ba\u015fkan vard\u0131.<br \/>\n* * *<br \/>\nO d\u00fcn&#8217;lerde Aysal&#8217;a gidip &#8220;abi ba\u015fa ge\u00e7 etraf\u0131nda toplanal\u0131m &#8220;diyenler, bug\u00fcnlerde Yalman&#8217;a gidip &#8220;abi ba\u015fa ge\u00e7 etraf\u0131nda toplanal\u0131m&#8221; diyorlar.<br \/>\nYar\u0131n da ba\u015fka bi abi&#8217;ye gidecekler.<br \/>\n* * *<br \/>\nAyn\u0131 Altayl\u0131 d\u00fcn de diyor ki;<br \/>\nAysal ka\u00e7t\u0131.<br \/>\nKa\u00e7\u0131rtt\u0131k demek istiyor da diyemiyor.<br \/>\n* * *<br \/>\nOna g\u00f6re ne zaman adam olurmu\u015fuz?<br \/>\nKurt g\u00f6r\u00fcnce ka\u00e7an adamdan \u00e7oban olmayaca\u011f\u0131n\u0131 anlad\u0131\u011f\u0131m\u0131z zaman.<br \/>\nEski 2&#8217;inci ba\u015fkan\u0131n ba\u015fkana kulland\u0131\u011f\u0131 \u00fcslup yine evlere \u015fenlik.<br \/>\n\u00c7oban kim?<br \/>\nGs ba\u015fkan\u0131.<br \/>\nKurt kim.<br \/>\nBizanGS.<br \/>\n* * *<br \/>\nT\u00fcrk\u00e7esi..<br \/>\nBizanGS diyorki;<br \/>\nTra\u015f bitti.<br \/>\nS\u0131radaki gelsin.<br \/>\n* * *<br \/>\n\u0130\u00e7inde entrikan\u0131n 1000&#8217;i 1 para olan&#8230;<br \/>\nBizans&#8217;\u0131n bile yan\u0131nda \u00dcsk\u00fcdar Musuki Cemiyeti gibi kald\u0131\u011f\u0131 BizanGS&#8217;\u0131n Gs&#8217;\u0131 yine gitti. Bizans&#8217;\u0131 yine i\u015f ba\u015f\u0131nda kald\u0131.<br \/>\nHikayenin \u00f6z\u00fc bu, gerisi hikaye.<br \/>\n* * *<br \/>\nSon 1 \u015fey..<br \/>\nAysal cin gibi, bu gezegenden diil, Berlusconi gezegeninden.<br \/>\nO model&#8217;in gezegeninden.<br \/>\nD\u00fcn hi\u00e7 beklemedikleri anda gol\u00fc BizanGS&#8217;\u0131n 90&#8217;\u0131na fena takt\u0131.<br \/>\n\u00dcstelik direkt diil, bu arkada\u015flara \u00e7arpt\u0131rarak att\u0131.<br \/>\nKendi kalelerine att\u0131rd\u0131.<br \/>\nYedikleri bu gole h\u00e2l\u00e2 inanam\u0131yor BizanGS..<br \/>\nAysal s\u00fcrpriz bi Berlusconi gol\u00fc daha atar m\u0131?<br \/>\nKimbilir?<br \/>\n* * *<br \/>\nAtmazsa da..<br \/>\nAllah yeni ba\u015fkana, Lise&#8217;ci olmayan Lise&#8217;lilere Mektebi Sultani, Metin Oktay Gs&#8217;l\u0131lar\u0131na da Ey\u00fcp Sultan sabr\u0131 versin.<br \/>\n* * *<br \/>\nNokta.<\/p>\n<!-- Error, Advert is not available at this time due to schedule\/geolocation restrictions! -->\n","protected":false},"excerpt":{"rendered":"<p>H\u00fcrriyet gazetesi yazar\u0131 Bilgin G\u00f6kberk, Ola\u011fan\u00fcst\u00fc Se\u00e7imli Genel Kurul \u00f6ncesi Galatasaray&#8217;da ya\u015fananlar\u0131 \u00e7arp\u0131c\u0131 bir yaz\u0131yla kaleme ald\u0131.<\/p>\n","protected":false},"author":4,"featured_media":196010,"comment_status":"open","ping_status":"open","sticky":false,"template":"","format":"standard","meta":{"_acf_changed":false,"footnotes":""},"categories":[6774,220549,26554,5005,6194],"tags":[9096,121631,121632,121633,121634,121635,121636,117545,121637,8248,221259,221260,4114,27772,64385],"class_list":["post-196009","post","type-post","status-publish","format-standard","has-post-thumbnail","hentry","category-futbol","category-haber","category-haftanin-yorumu","category-manset","category-spor","tag-bilgin-gokberk","tag-bilgin-gokberk-galatasaray","tag-bilgin-gokberk-galatasaray-yazilari","tag-bilgin-gokberk-gs","tag-bilgin-gokberk-gs-yazilari","tag-bizangs","tag-bizangs-bilgin-gokberk","tag-bizans","tag-derin-galatasaray","tag-fatih-altayli","tag-fatih-altayli-yazilari","tag-fatih-altayli-yorum","tag-galatasaray","tag-galatasaray-lisesi","tag-unal-aysal"],"acf":[],"_links":{"self":[{"href":"https:\/\/www.nationalturk.com\/tr\/wp-json\/wp\/v2\/posts\/196009","targetHints":{"allow":["GET"]}}],"collection":[{"href":"https:\/\/www.nationalturk.com\/tr\/wp-json\/wp\/v2\/posts"}],"about":[{"href":"https:\/\/www.nationalturk.com\/tr\/wp-json\/wp\/v2\/types\/post"}],"author":[{"embeddable":true,"href":"https:\/\/www.nationalturk.com\/tr\/wp-json\/wp\/v2\/users\/4"}],"replies":[{"embeddable":true,"href":"https:\/\/www.nationalturk.com\/tr\/wp-json\/wp\/v2\/comments?post=196009"}],"version-history":[{"count":0,"href":"https:\/\/www.nationalturk.com\/tr\/wp-json\/wp\/v2\/posts\/196009\/revisions"}],"wp:featuredmedia":[{"embeddable":true,"href":"https:\/\/www.nationalturk.com\/tr\/wp-json\/wp\/v2\/media\/196010"}],"wp:attachment":[{"href":"https:\/\/www.nationalturk.com\/tr\/wp-json\/wp\/v2\/media?parent=196009"}],"wp:term":[{"taxonomy":"category","embeddable":true,"href":"https:\/\/www.nationalturk.com\/tr\/wp-json\/wp\/v2\/categories?post=196009"},{"taxonomy":"post_tag","embeddable":true,"href":"https:\/\/www.nationalturk.com\/tr\/wp-json\/wp\/v2\/tags?post=196009"}],"curies":[{"name":"wp","href":"https:\/\/api.w.org\/{rel}","templated":true}]}}