{"id":196012,"date":"2014-09-26T15:01:37","date_gmt":"2014-09-26T12:01:37","guid":{"rendered":"http:\/\/www.nationalturk.com\/?p=196012"},"modified":"2014-09-26T15:01:37","modified_gmt":"2014-09-26T12:01:37","slug":"isid-yanlilari-istanbul-universitesinde-ogrencilere-saldirdi-196012","status":"publish","type":"post","link":"https:\/\/www.nationalturk.com\/tr\/isid-yanlilari-istanbul-universitesinde-ogrencilere-saldirdi-196012\/","title":{"rendered":"I\u015e\u0130D yanl\u0131lar\u0131 \u0130stanbul \u00dcniversitesi&#8217;nde \u00f6\u011frencilere sald\u0131rd\u0131"},"content":{"rendered":"<p><img loading=\"lazy\" decoding=\"async\" class=\"alignnone size-full wp-image-196018\" src=\"http:\/\/www.nationalturk.com\/tr\/wp-content\/uploads\/2014\/09\/isid_istanbul_universitesi.jpg\" alt=\"I\u015e\u0130D \u0130stanbul \u00dcniversitesi\" width=\"610\" height=\"420\" title=\"\"><\/p>\n<h1>\u0130stanbul \u00dcniversitesi Beyaz\u0131t Kamp\u00fcs\u00fc&#8217;ndeki \u00fcnl\u00fc Hergele Meydan\u0131&#8217;nda as\u0131l\u0131 I\u015e\u0130D kar\u015f\u0131t\u0131 afi\u015fleri bahane eden bir grup, \u00e7ivili sopalarla \u00f6\u011frencilere sald\u0131rd\u0131.<\/h1>\n<p>soL&#8217;un haberine g\u00f6re \u0130stanbul \u00dcniversitesi Edebiyat Fak\u00fcltesi&#8217;nin Hergele Meydan\u0131 diye bilinen \u015eerefe Hol\u00fc, I\u015e\u0130D destek\u00e7ilerinin sald\u0131r\u0131s\u0131na sahne oldu. As\u0131lan I\u015e\u0130D kar\u015f\u0131t\u0131 bir afi\u015fi bahane eden M\u00fcsl\u00fcman Gen\u00e7lik \u00fcyeleri \u00f6\u011frencilere \u00e7ivili sopalarla sald\u0131rd\u0131.<\/p>\n<p>I\u015e\u0130D kar\u015f\u0131t\u0131 bir afi\u015fin kald\u0131r\u0131lmas\u0131 y\u00f6n\u00fcnde tehditler savuran, aralar\u0131nda Hizbullah\u00e7\u0131lar\u0131n da bulundu\u011fu M\u00fcsl\u00fcman Gen\u00e7lik (M\u00fcs-Gen\u00e7) \u00fcyeleri, verdikleri 15 dakika s\u00fcre dolunca \u00f6\u011frencilere \u00e7ivili sopalarla sald\u0131rd\u0131. Sald\u0131r\u0131 s\u0131ras\u0131nda bir \u00f6\u011frenci ba\u015f\u0131ndan ald\u0131\u011f\u0131 darbeyle yaralan\u0131rken okula giren polis 3 M\u00fcs-Gen\u00e7 \u00fcyesini g\u00f6zalt\u0131na ald\u0131.<\/p>\n<p>I\u015e\u0130D sald\u0131r\u0131s\u0131na kar\u015f\u0131 Saat 15.00&#8217;te \u0130stanbul \u00dcniversitesi Beyaz\u0131t Kamp\u00fcs\u00fc Fen Kap\u0131s\u0131&#8217;nda bas\u0131n a\u00e7\u0131klamas\u0131 yap\u0131lacak.<\/p>\n<!-- Error, Advert is not available at this time due to schedule\/geolocation restrictions! -->\n","protected":false},"excerpt":{"rendered":"<p>\u0130stanbul \u00dcniversitesi Beyaz\u0131t Kamp\u00fcs\u00fc&#8217;ndeki \u00fcnl\u00fc Hergele Meydan\u0131&#8217;nda as\u0131l\u0131 I\u015e\u0130D kar\u015f\u0131t\u0131 afi\u015fleri bahane eden bir grup, \u00e7ivili sopalarla \u00f6\u011frencilere sald\u0131rd\u0131.<\/p>\n","protected":false},"author":4,"featured_media":196018,"comment_status":"open","ping_status":"open","sticky":false,"template":"","format":"standard","meta":{"_acf_changed":false,"footnotes":""},"categories":[6663,6155,5005,6202,6805],"tags":[174018,174016,151890,21197,174013,174014,174011,174015,174012,174017],"class_list":["post-196012","post","type-post","status-publish","format-standard","has-post-thumbnail","hentry","category-egitim","category-gundem","category-manset","category-politika","category-turkiye","tag-edebiyat-fakultesi","tag-hergele-meydani","tag-isid","tag-istanbul-universitesi","tag-istanbul-universitesi-isid","tag-istanbul-universitesi-isid-saldirisi","tag-isid-istanbul","tag-isid-istanbul-saldiri","tag-isid-istanbul-universitesi","tag-musluman-genclik"],"acf":[],"_links":{"self":[{"href":"https:\/\/www.nationalturk.com\/tr\/wp-json\/wp\/v2\/posts\/196012","targetHints":{"allow":["GET"]}}],"collection":[{"href":"https:\/\/www.nationalturk.com\/tr\/wp-json\/wp\/v2\/posts"}],"about":[{"href":"https:\/\/www.nationalturk.com\/tr\/wp-json\/wp\/v2\/types\/post"}],"author":[{"embeddable":true,"href":"https:\/\/www.nationalturk.com\/tr\/wp-json\/wp\/v2\/users\/4"}],"replies":[{"embeddable":true,"href":"https:\/\/www.nationalturk.com\/tr\/wp-json\/wp\/v2\/comments?post=196012"}],"version-history":[{"count":0,"href":"https:\/\/www.nationalturk.com\/tr\/wp-json\/wp\/v2\/posts\/196012\/revisions"}],"wp:featuredmedia":[{"embeddable":true,"href":"https:\/\/www.nationalturk.com\/tr\/wp-json\/wp\/v2\/media\/196018"}],"wp:attachment":[{"href":"https:\/\/www.nationalturk.com\/tr\/wp-json\/wp\/v2\/media?parent=196012"}],"wp:term":[{"taxonomy":"category","embeddable":true,"href":"https:\/\/www.nationalturk.com\/tr\/wp-json\/wp\/v2\/categories?post=196012"},{"taxonomy":"post_tag","embeddable":true,"href":"https:\/\/www.nationalturk.com\/tr\/wp-json\/wp\/v2\/tags?post=196012"}],"curies":[{"name":"wp","href":"https:\/\/api.w.org\/{rel}","templated":true}]}}