{"id":196443,"date":"2014-10-02T00:02:12","date_gmt":"2014-10-01T21:02:12","guid":{"rendered":"http:\/\/www.nationalturk.com\/?p=196443"},"modified":"2014-10-02T00:08:28","modified_gmt":"2014-10-01T21:08:28","slug":"galatasaraya-londrada-buyuk-sok-arsenal-4-1-galatasaray-196443","status":"publish","type":"post","link":"https:\/\/www.nationalturk.com\/tr\/galatasaraya-londrada-buyuk-sok-arsenal-4-1-galatasaray-196443\/","title":{"rendered":"Galatasaray&#8217;a Londra&#8217;da b\u00fcy\u00fck \u015fok! Arsenal 4-1 Galatasaray"},"content":{"rendered":"<h1 class=\"excerpt\"><a href=\"http:\/\/www.nationalturk.com\/tr\/wp-content\/uploads\/2014\/10\/arsenal-4-0-galatasaray.png\"><img loading=\"lazy\" decoding=\"async\" class=\"alignnone size-full wp-image-196444\" src=\"http:\/\/www.nationalturk.com\/tr\/wp-content\/uploads\/2014\/10\/arsenal-4-0-galatasaray.png\" alt=\"arsenal-4-0-galatasaray\" width=\"610\" height=\"305\" title=\"\" srcset=\"https:\/\/www.nationalturk.com\/tr\/wp-content\/uploads\/2014\/10\/arsenal-4-0-galatasaray.png 610w, https:\/\/www.nationalturk.com\/tr\/wp-content\/uploads\/2014\/10\/arsenal-4-0-galatasaray-280x140.png 280w\" sizes=\"auto, (max-width: 610px) 100vw, 610px\" \/><\/a><\/h1>\n<h1 class=\"excerpt\">25 Ekim\u2019deki kongre \u00f6ncesi \u00e7alkant\u0131l\u0131 g\u00fcnler ya\u015fayan Galatasaray, \u015eampiyonlar Ligi\u2019ndeki k\u00f6t\u00fc sonu\u00e7lara \u2018dur\u2019 diyemedi&#8230;<\/h1>\n<p class=\"excerpt\">Arsenal deplasman\u0131ndan 4-1\u2019lik yenilgiyle ayr\u0131ld\u0131. Cesare Prandelli\u2019nin 3-5-2 dizili\u015fiyle sahaya s\u00fcrd\u00fc\u011f\u00fc temsilcimiz, bu sistemin \u00e7\u00f6kmesiyle daha ilk yar\u0131da 3-0 ile havlu att\u0131. 60\u2019da kalecisinin at\u0131lmas\u0131yla 10 ki\u015fi kalan \u0130ngiliz ekibinde Welbeck, kariyerinin ilk hat-trick\u2019ini yapt\u0131. Di\u011fer gol Alexis\u2019ten geldi. Galatasaray\u2019\u0131n tek say\u0131s\u0131n\u0131 penalt\u0131dan Burak kaydetti.<\/p>\n<p>Galatasaray\u2019\u0131n Jupp Derwall ile ba\u015flayan, Mustafa Denizli ile b\u00fcy\u00fcyerek s\u00fcren \u201cAvrupa\u2019daki devriminin\u201d zirve noktas\u0131d\u0131r 17 May\u0131s 2000\u2019de Fatih Terim ile kazan\u0131lan UEFA Kupas\u0131 zaferi&#8230;<\/p>\n<p>Yakla\u015f\u0131k 25 y\u0131ll\u0131k planlaman\u0131n, \u00e7al\u0131\u015fman\u0131n \u00fcr\u00fcn\u00fc, ba\u015far\u0131s\u0131&#8230;<\/p>\n<p>1996\u2019dan bu yana Arsenal\u2019i \u00e7al\u0131\u015ft\u0131ran Arsene Wenger, Galatasaray\u2019\u0131n zaferlerle dolu Avrupa kitab\u0131n\u0131n \u00f6nemli sayfalar\u0131nda yer bulan bir isim.<\/p>\n<p>Wenger, 1988-1989\u2019da Galatasaray\u2019\u0131n o d\u00f6nemki ad\u0131yla \u015eampiyon Kul\u00fcpler Kupas\u0131 \u00e7eyrek finalinde eledi\u011fi Monaco\u2019nun ba\u015f\u0131ndayd\u0131. O turda Mustafa Denizli\u2019ye elenen Frans\u0131z teknik adam, 2000\u2019de Kopenhag\u2019daki finalde de Arsenal\u2019in patronuydu.<br \/>\nArsene Wenger, bir kez daha Galatasaray\u2019\u0131n rakibiydi&#8230;<\/p>\n<p>2000\u2019deki finalden 13 y\u0131l sonra Emirates Cup\u2019ta kar\u015f\u0131la\u015ft\u0131\u011f\u0131 sar\u0131-k\u0131rm\u0131z\u0131l\u0131lara o ma\u00e7ta da Didier Drogba\u2019n\u0131n gollerine engel olamayarak boyun e\u011fen Arsenal, \u015eampiyonlar Ligi D Grubu\u2019nun ikinci haftas\u0131nda temsilcimizi konuk ediyordu.<\/p>\n<p>\u015eampiyonlar Ligi play-off turunda bir di\u011fer temsilcimiz Be\u015fikta\u015f\u2019\u0131 eleyerek gruplara kalan Arsenal, yine T\u00fcrk futbolseverleri a\u011f\u0131rl\u0131yordu.<\/p>\n<p>Devler Ligi\u2019ne TT Arena\u2019daki Anderlecht beraberli\u011fiyle (1-1) ba\u015flayan, Ba\u015fkan \u00dcnal Aysal\u2019\u0131n aday olmayaca\u011f\u0131na a\u00e7\u0131klad\u0131\u011f\u0131 25 Ekim\u2019deki kongre \u00f6ncesinde \u00e7alkant\u0131l\u0131 g\u00fcnler ya\u015fayan Galatasaray\u2019da, ma\u00e7 \u00f6ncesi Sel\u00e7uk \u0130nan kadrodan \u00e7\u0131kar\u0131ld\u0131.<\/p>\n<p>\u201cYorgun oldu\u011fu\u201d gerek\u00e7esiyle Sel\u00e7uk\u2019u kadroya almayan Cesare Prandelli, Arsenal kar\u015f\u0131s\u0131na 3-5-2 dizili\u015fiyle Muslera\u00a0 -Chedjou, Melo, Semih &#8211; Veysel, Dzemaili, Sneijder, Yekta, Telles &#8211; Pandev, Burak 11\u2019i ile \u00e7\u0131kt\u0131.<\/p>\n<p>Giroud, Arteta, Ramsey, Walcott, Debuchy\u2019nin sakat oldu\u011fu Arsenal\u2019in 11\u2019i ise Szczesny, Chambers, Mertesacker, Koscielny, Gibbs, Flamini, Cazorla, Mesut, Alexis, Oxlade-Chamberlain, Welbeck \u015feklindeydi.<\/p>\n<p>Ev sahibi, kar\u015f\u0131la\u015fmaya tempolu ba\u015flad\u0131. Oyunu Galatasaray yar\u0131 sahas\u0131na y\u0131kan Top\u00e7ular, h\u0131sl\u0131 ve k\u0131sa paslarla kaleye gitmeyi denedi ama etkili olamad\u0131.<\/p>\n<p>Sneijder\u2019in savunman\u0131n hemen \u00f6n\u00fcnde top al\u0131p geriden pas da\u011f\u0131tmakla g\u00f6revlendirilmesi, Galatasaray\u2019\u0131n h\u00fccumda organize olmas\u0131n\u0131 engelledi; forvet beslenemedi.<\/p>\n<p>\u0130lk \u015fut 10\u2019da geldi. Sol kanatta Dzemaili ile verka\u00e7a giren Telles\u2019in ceza sahas\u0131na girerken yapt\u0131\u011f\u0131 \u015fut, yandan auta \u00e7\u0131kt\u0131.<br \/>\nTempoyu \u00e7o\u011falt\u0131p ataklar\u0131n\u0131 s\u0131kla\u015ft\u0131ran Arsenal, 22\u2019de gol\u00fc buldu. Sol kanatta ilerleyen Alexis Sanchez, savunman\u0131n arkas\u0131na att\u0131\u011f\u0131 ara pas\u0131yla Welbeck\u2019i ka\u00e7\u0131rd\u0131. O da plase vuru\u015fla gol\u00fc att\u0131.<\/p>\n<p>Felipe Melo\u2019nun 3-5-2\u2019de libero olarak oynamas\u0131 hem orta sahay\u0131 diren\u00e7sizle\u015ftirdi hem de Brezilyal\u0131\u2019n\u0131n savunmadaki hatalar\u0131n\u0131 do\u011furdu. Nitekim 30\u2019da Chedjou\u2019nun kafas\u0131ndan seken topa Welbeck hareketlendi. A\u011f\u0131r kalan Melo\u2019nun depar\u0131na ra\u011fmen aray\u0131 a\u00e7an 24 ya\u015f\u0131ndaki forvet, tabelay\u0131 2-0 yapt\u0131.<\/p>\n<p>Galatasaray\u2019\u0131n kaleyi bulan ilk \u015futu 34\u2019te geldi. Dzemaili\u2019nin haz\u0131rlad\u0131\u011f\u0131 pozisyonda Pandev\u2019in \u015futu kalecide kald\u0131.<\/p>\n<p>\u0130lk yar\u0131 boyunca Galatasaray\u2019\u0131n sa\u011f kanad\u0131ndan y\u00fcklenen Arsenal, bu b\u00f6lgeden geli\u015ftirdi\u011fi ataktaki 3. gol\u00fcn\u00fc 41\u2019de buldu. Alexis Sanchez plaseyle skoru 3-0 yapt\u0131.<\/p>\n<p>Galatasaray\u2019\u0131n 3-5-2 dizili\u015fi hata verince; Sneijder ile Melo savunmaya g\u00f6m\u00fcl\u00fcnce ilk yar\u0131 Arsenal\u2019in 3-0\u2019l\u0131k \u00fcst\u00fcnl\u00fc\u011f\u00fcyle bitti.<\/p>\n<p>\u0130kinci yar\u0131da 4\u2019l\u00fc savunmaya d\u00f6n\u00fcp Melo\u2019yu orta sahaya s\u00fcren Prandelli, Yekta\u2019n\u0131n yerine de Hamit Alt\u0131ntop\u2019u soktu.<\/p>\n<p>Arsenal ikinci devreye de ayn\u0131 i\u015ftahla ba\u015flad\u0131. 52\u2019de Oxlade-Chamberlain\u2019in savunma arkas\u0131na depar\u0131 yine sorun yaratt\u0131. Melo\u2019yu ge\u00e7ip topu i\u00e7eri \u00e7eviren Arsenalli\u2019nin pas\u0131n\u0131 savunma uzakla\u015ft\u0131rd\u0131.<\/p>\n<p>Kabus senaryosu devam ediyordu. 57\u2019de bu kez Oxlade-Chamberlain\u2019in savunma arkas\u0131na att\u0131\u011f\u0131 pasa hareketlenen Welbeck, fark\u0131 d\u00f6rde \u00e7\u0131kard\u0131. Bu; Welbeck\u2019in, kariyerindeki ilk hat-trick\u2019ti.<\/p>\n<p>61\u2019de Pandev\u2019in ceza sahas\u0131na ara pas\u0131na Burak hareketlendi. Szczesny, Burak\u2019\u0131 d\u00fc\u015f\u00fcrd\u00fc. Penalt\u0131ya h\u00fckmeden hakem, kaleci Szczesny\u2019ye k\u0131rm\u0131z\u0131 kart g\u00f6sterdi. 63\u2019te Burak penalt\u0131da kaleci Ospina\u2019y\u0131 ters k\u00f6\u015feye yat\u0131r\u0131p skoru 4-1\u2019e getirdi. Bu, Burak\u2019\u0131n \u015eampiyonlar Ligi\u2019nde bu sezonki 2. gol\u00fcyd\u00fc.<\/p>\n<p><a href=\"http:\/\/www.nationalturk.com\/tr\/wp-content\/uploads\/2014\/10\/arsenal-4-0-galatasaray-2.png\"><img loading=\"lazy\" decoding=\"async\" class=\"alignnone size-full wp-image-196445\" src=\"http:\/\/www.nationalturk.com\/tr\/wp-content\/uploads\/2014\/10\/arsenal-4-0-galatasaray-2.png\" alt=\"arsenal-4-0-galatasaray (2)\" width=\"610\" height=\"343\" title=\"\" srcset=\"https:\/\/www.nationalturk.com\/tr\/wp-content\/uploads\/2014\/10\/arsenal-4-0-galatasaray-2.png 610w, https:\/\/www.nationalturk.com\/tr\/wp-content\/uploads\/2014\/10\/arsenal-4-0-galatasaray-2-280x157.png 280w\" sizes=\"auto, (max-width: 610px) 100vw, 610px\" \/><\/a><\/p>\n<p>70\u2019te Galatasaray\u2019da oyuncu de\u011fi\u015fiklikleri yap\u0131ld\u0131; Pandev ve Veysel \u00e7\u0131kt\u0131. Bruma ile Umut girdi.<\/p>\n<p>80\u2019de Umut Bulut\u2019un sa\u011fdan ortas\u0131nda topa Burak Y\u0131lmaz kafayla vurdu. Kaleci Ospina m\u00fcthi\u015f \u00e7\u0131kard\u0131.<\/p>\n<p>Ospina, 83\u2019te Hamit\u2019in \u015futunda da ba\u015far\u0131l\u0131yd\u0131.<\/p>\n<p>Uzatmalarda Semih Kaya, Cazorla\u2019n\u0131n topunu \u00e7izgiden \u00e7\u0131kard\u0131.<\/p>\n<p>Kar\u015f\u0131la\u015fma Arsenal\u2019in 4-1 \u00fcst\u00fcnl\u00fc\u011f\u00fcyle bitti. Bu sonu\u00e7la Galatasaray 1 puanda kald\u0131. \u0130lk hafta deplasmanda Borussia Dortmund\u2019a yenilen Arsenal ise puan\u0131n\u0131 3 yapt\u0131.<\/p>\n<p>Kaynak : NTVSPOR<\/p>\n<!-- Error, Advert is not available at this time due to schedule\/geolocation restrictions! -->\n","protected":false},"excerpt":{"rendered":"<p>25 Ekim\u2019deki kongre \u00f6ncesi \u00e7alkant\u0131l\u0131 g\u00fcnler ya\u015fayan Galatasaray, \u015eampiyonlar Ligi\u2019ndeki k\u00f6t\u00fc sonu\u00e7lara \u2018dur\u2019 diyemedi&#8230;<\/p>\n","protected":false},"author":1119,"featured_media":196444,"comment_status":"open","ping_status":"open","sticky":false,"template":"","format":"standard","meta":{"_acf_changed":false,"footnotes":""},"categories":[6774,6194],"tags":[17331,21161,21467,114384,4114,30748,828],"class_list":["post-196443","post","type-post","status-publish","format-standard","has-post-thumbnail","hentry","category-futbol","category-spor","tag-arsenal","tag-arsene-wenger","tag-burak-yilmaz","tag-cesare-prandelli","tag-galatasaray","tag-mesut-ozil","tag-sampiyonlar-ligi"],"acf":[],"_links":{"self":[{"href":"https:\/\/www.nationalturk.com\/tr\/wp-json\/wp\/v2\/posts\/196443","targetHints":{"allow":["GET"]}}],"collection":[{"href":"https:\/\/www.nationalturk.com\/tr\/wp-json\/wp\/v2\/posts"}],"about":[{"href":"https:\/\/www.nationalturk.com\/tr\/wp-json\/wp\/v2\/types\/post"}],"author":[{"embeddable":true,"href":"https:\/\/www.nationalturk.com\/tr\/wp-json\/wp\/v2\/users\/1119"}],"replies":[{"embeddable":true,"href":"https:\/\/www.nationalturk.com\/tr\/wp-json\/wp\/v2\/comments?post=196443"}],"version-history":[{"count":0,"href":"https:\/\/www.nationalturk.com\/tr\/wp-json\/wp\/v2\/posts\/196443\/revisions"}],"wp:featuredmedia":[{"embeddable":true,"href":"https:\/\/www.nationalturk.com\/tr\/wp-json\/wp\/v2\/media\/196444"}],"wp:attachment":[{"href":"https:\/\/www.nationalturk.com\/tr\/wp-json\/wp\/v2\/media?parent=196443"}],"wp:term":[{"taxonomy":"category","embeddable":true,"href":"https:\/\/www.nationalturk.com\/tr\/wp-json\/wp\/v2\/categories?post=196443"},{"taxonomy":"post_tag","embeddable":true,"href":"https:\/\/www.nationalturk.com\/tr\/wp-json\/wp\/v2\/tags?post=196443"}],"curies":[{"name":"wp","href":"https:\/\/api.w.org\/{rel}","templated":true}]}}