{"id":196513,"date":"2014-10-02T14:00:42","date_gmt":"2014-10-02T11:00:42","guid":{"rendered":"http:\/\/www.nationalturk.com\/?p=196513"},"modified":"2024-02-06T15:47:33","modified_gmt":"2024-02-06T12:47:33","slug":"arda-turanin-kaptanindan-sike-itirafi-196513","status":"publish","type":"post","link":"https:\/\/www.nationalturk.com\/tr\/arda-turanin-kaptanindan-sike-itirafi-196513\/","title":{"rendered":"Arda Turan&#8217;\u0131n kaptan\u0131ndan \u015fike itiraf\u0131"},"content":{"rendered":"<p><img loading=\"lazy\" decoding=\"async\" class=\"alignleft size-medium wp-image-196514\" src=\"http:\/\/www.nationalturk.com\/tr\/wp-content\/uploads\/2014\/10\/gabi_fernandez_sike-280x147.jpg\" alt=\"Gabi Fernandez \u015fike\" width=\"280\" height=\"147\" title=\"\" srcset=\"https:\/\/www.nationalturk.com\/tr\/wp-content\/uploads\/2014\/10\/gabi_fernandez_sike-280x147.jpg 280w, https:\/\/www.nationalturk.com\/tr\/wp-content\/uploads\/2014\/10\/gabi_fernandez_sike.jpg 309w\" sizes=\"auto, (max-width: 280px) 100vw, 280px\" \/>\u0130spanya&#8217;da devam eden bir soru\u015fturma kapsam\u0131nda savc\u0131ya ifade veren Gabi&#8217;nin a\u00e7\u0131klamalar\u0131 \u0130spanya&#8217;da deprem etkisi yaratt\u0131.<\/p>\n<h2>\u015eike soru\u015fturmas\u0131na u\u011frayan\u00a0Zaragoza &#8211; Levante ma\u00e7\u0131yla ilgili ifade veren Gabi, &#8220;Kul\u00fcb\u00fcm bana bu ma\u00e7la ilgili baz\u0131 talimatlar verdi. Ba\u015fkan ne dediyse onu yerine getirdim&#8221; dedi.<\/h2>\n<p>Gabi&#8217;nin futbolda \u015fikenin temizlenmesi i\u00e7in mahkemeye her t\u00fcrl\u00fc yard\u0131m\u0131 yapmaya haz\u0131r oldu\u011fu belirtiliyor.<\/p>\n<p>\u0130spanya r\u00fc\u015fvetle ve organize su\u00e7larla m\u00fccadele savc\u0131l\u0131\u011f\u0131, La Liga&#8217;da 21 May\u0131s 2011 y\u0131l\u0131nda oynanan Levante-Zaragoza kar\u015f\u0131la\u015fmas\u0131nda \u015fike yap\u0131ld\u0131\u011f\u0131n\u0131 tespit ederek, aralar\u0131nda y\u00f6neticilerin de bulundu\u011fu 20 ki\u015fi hakk\u0131nda soru\u015fturma ba\u015flatm\u0131\u015ft\u0131.<\/p>\n<p>Ma\u00e7\u0131 Levante kar\u015f\u0131s\u0131nda 2-1 kazanan Zaragoza ligde kal\u0131rken Deportivo, Hercules ve Almeria tak\u0131mlar\u0131 ise k\u00fcme d\u00fc\u015fm\u00fc\u015flerdi. Bu kar\u015f\u0131la\u015fmada Arda&#8217;n\u0131n tak\u0131m arkada\u015f\u0131 Gabi Fernandez&#8217;in aralar\u0131nda bulundu\u011fu baz\u0131 futbolcular\u0131n kul\u00fcp taraf\u0131ndan prim ad\u0131 alt\u0131nda ma\u00e7a \u00e7\u0131kmadan \u00f6nce 120 bin avro ile \u00f6d\u00fcllendirildi\u011fi belirtiliyor.<\/p>\n<!-- Error, Advert is not available at this time due to schedule\/geolocation restrictions! -->\n","protected":false},"excerpt":{"rendered":"<p>Arda Turan&#8217;\u0131n tak\u0131m arkada\u015f\u0131 Atletico Madrid kaptan\u0131 Gabi Fernandez, Zaragoza&#8217;da oynad\u0131\u011f\u0131 d\u00f6nemde kul\u00fcp ba\u015fkan\u0131n\u0131n iste\u011fiyle \u015fike yapt\u0131klar\u0131n\u0131 itiraf etti.<\/p>\n","protected":false},"author":4,"featured_media":296992,"comment_status":"open","ping_status":"open","sticky":false,"template":"","format":"standard","meta":{"_acf_changed":false,"footnotes":""},"categories":[220906],"tags":[6335,9269,21033,21483,19062],"class_list":["post-196513","post","type-post","status-publish","format-standard","has-post-thumbnail","hentry","category-sikeli-maclar","tag-arda-turan","tag-deportivo","tag-la-liga","tag-sike","tag-sike-operasyonu"],"acf":[],"_links":{"self":[{"href":"https:\/\/www.nationalturk.com\/tr\/wp-json\/wp\/v2\/posts\/196513","targetHints":{"allow":["GET"]}}],"collection":[{"href":"https:\/\/www.nationalturk.com\/tr\/wp-json\/wp\/v2\/posts"}],"about":[{"href":"https:\/\/www.nationalturk.com\/tr\/wp-json\/wp\/v2\/types\/post"}],"author":[{"embeddable":true,"href":"https:\/\/www.nationalturk.com\/tr\/wp-json\/wp\/v2\/users\/4"}],"replies":[{"embeddable":true,"href":"https:\/\/www.nationalturk.com\/tr\/wp-json\/wp\/v2\/comments?post=196513"}],"version-history":[{"count":0,"href":"https:\/\/www.nationalturk.com\/tr\/wp-json\/wp\/v2\/posts\/196513\/revisions"}],"wp:featuredmedia":[{"embeddable":true,"href":"https:\/\/www.nationalturk.com\/tr\/wp-json\/wp\/v2\/media\/296992"}],"wp:attachment":[{"href":"https:\/\/www.nationalturk.com\/tr\/wp-json\/wp\/v2\/media?parent=196513"}],"wp:term":[{"taxonomy":"category","embeddable":true,"href":"https:\/\/www.nationalturk.com\/tr\/wp-json\/wp\/v2\/categories?post=196513"},{"taxonomy":"post_tag","embeddable":true,"href":"https:\/\/www.nationalturk.com\/tr\/wp-json\/wp\/v2\/tags?post=196513"}],"curies":[{"name":"wp","href":"https:\/\/api.w.org\/{rel}","templated":true}]}}