{"id":196751,"date":"2014-10-08T12:42:11","date_gmt":"2014-10-08T09:42:11","guid":{"rendered":"http:\/\/www.nationalturk.com\/?p=196751"},"modified":"2014-10-08T12:42:11","modified_gmt":"2014-10-08T09:42:11","slug":"hdp-izmir-il-baskani-gozaltina-alindi-196751","status":"publish","type":"post","link":"https:\/\/www.nationalturk.com\/tr\/hdp-izmir-il-baskani-gozaltina-alindi-196751\/","title":{"rendered":"HDP \u0130zmir \u0130l Ba\u015fkan\u0131 g\u00f6zalt\u0131na al\u0131nd\u0131"},"content":{"rendered":"<h1><img loading=\"lazy\" decoding=\"async\" class=\"alignleft size-medium wp-image-196752\" src=\"http:\/\/www.nationalturk.com\/tr\/wp-content\/uploads\/2014\/10\/izmir-hdp-280x194.jpg\" alt=\"izmir hdp\" width=\"280\" height=\"194\" title=\"\" srcset=\"https:\/\/www.nationalturk.com\/tr\/wp-content\/uploads\/2014\/10\/izmir-hdp-280x194.jpg 280w, https:\/\/www.nationalturk.com\/tr\/wp-content\/uploads\/2014\/10\/izmir-hdp-517x360.jpg 517w, https:\/\/www.nationalturk.com\/tr\/wp-content\/uploads\/2014\/10\/izmir-hdp.jpg 1149w\" sizes=\"auto, (max-width: 280px) 100vw, 280px\" \/><\/h1>\n<h1>I\u015e\u0130D protestolar\u0131n\u0131n ard\u0131ndan Halklar\u0131n Demokratik Partisi (HDP) \u0130zmir \u0130l E\u015f Ba\u015fkan\u0131 Cavit U\u011fur g\u00f6zalt\u0131na al\u0131nd\u0131.<\/h1>\n<p>\u0130zmir&#8217;in Bornova il\u00e7esinde d\u00fcn ak\u015fam \u00e7\u0131kan olaylara polis m\u00fcdahale etmi\u015f, olaylarda yaralanan\u00a0Ekrem Ka\u00e7aro\u011flu adl\u0131 vatanda\u015f\u0131 Ege \u00dcniversitesi Hastanesi\u2019nde ziyaret eden HDP \u0130zmir \u0130l E\u015f Ba\u015fkan\u0131 Cavit U\u011fur polislerle tart\u0131\u015fm\u0131\u015ft\u0131. Tart\u0131\u015fman\u0131n ard\u0131ndan Cavit U\u011fur g\u00f6zalt\u0131na al\u0131nmak istemi\u015f, ancak hastane \u00f6n\u00fcnde toplanan kalabal\u0131k buna izin vermemi\u015fti.<\/p>\n<p>\u0130lerleyen saatlerde hastaneden ayr\u0131lan Cavit U\u011fur, gece Bornova il\u00e7esindeki evine gitti\u011fi s\u0131rada g\u00f6zalt\u0131na al\u0131nd\u0131. Aralar\u0131nda Cavit U\u011fur&#8217;un da bulundu\u011fu 26 ki\u015finin emniyetteki i\u015flemleri devam ediyor.<\/p>\n<!-- Error, Advert is not available at this time due to schedule\/geolocation restrictions! -->\n","protected":false},"excerpt":{"rendered":"<p>I\u015e\u0130D protestolar\u0131n\u0131n ard\u0131ndan Halklar\u0131n Demokratik Partisi (HDP) \u0130zmir \u0130l E\u015f Ba\u015fkan\u0131 Cavit U\u011fur g\u00f6zalt\u0131na al\u0131nd\u0131.<\/p>\n","protected":false},"author":4,"featured_media":196753,"comment_status":"open","ping_status":"open","sticky":false,"template":"","format":"standard","meta":{"_acf_changed":false,"footnotes":""},"categories":[6155,5005,6202,349,6805],"tags":[146668,151890,115570],"class_list":["post-196751","post","type-post","status-publish","format-standard","has-post-thumbnail","hentry","category-gundem","category-manset","category-politika","category-son-dakika","category-turkiye","tag-hdp","tag-isid","tag-kobani"],"acf":[],"_links":{"self":[{"href":"https:\/\/www.nationalturk.com\/tr\/wp-json\/wp\/v2\/posts\/196751","targetHints":{"allow":["GET"]}}],"collection":[{"href":"https:\/\/www.nationalturk.com\/tr\/wp-json\/wp\/v2\/posts"}],"about":[{"href":"https:\/\/www.nationalturk.com\/tr\/wp-json\/wp\/v2\/types\/post"}],"author":[{"embeddable":true,"href":"https:\/\/www.nationalturk.com\/tr\/wp-json\/wp\/v2\/users\/4"}],"replies":[{"embeddable":true,"href":"https:\/\/www.nationalturk.com\/tr\/wp-json\/wp\/v2\/comments?post=196751"}],"version-history":[{"count":0,"href":"https:\/\/www.nationalturk.com\/tr\/wp-json\/wp\/v2\/posts\/196751\/revisions"}],"wp:featuredmedia":[{"embeddable":true,"href":"https:\/\/www.nationalturk.com\/tr\/wp-json\/wp\/v2\/media\/196753"}],"wp:attachment":[{"href":"https:\/\/www.nationalturk.com\/tr\/wp-json\/wp\/v2\/media?parent=196751"}],"wp:term":[{"taxonomy":"category","embeddable":true,"href":"https:\/\/www.nationalturk.com\/tr\/wp-json\/wp\/v2\/categories?post=196751"},{"taxonomy":"post_tag","embeddable":true,"href":"https:\/\/www.nationalturk.com\/tr\/wp-json\/wp\/v2\/tags?post=196751"}],"curies":[{"name":"wp","href":"https:\/\/api.w.org\/{rel}","templated":true}]}}