{"id":196778,"date":"2014-10-08T16:58:42","date_gmt":"2014-10-08T13:58:42","guid":{"rendered":"http:\/\/www.nationalturk.com\/?p=196778"},"modified":"2014-10-08T16:58:42","modified_gmt":"2014-10-08T13:58:42","slug":"son-dakika-tarsus-emniyet-muduru-isid-karsiti-eylemde-vuruldu-196778","status":"publish","type":"post","link":"https:\/\/www.nationalturk.com\/tr\/son-dakika-tarsus-emniyet-muduru-isid-karsiti-eylemde-vuruldu-196778\/","title":{"rendered":"Son Dakika! Tarsus Emniyet M\u00fcd\u00fcr\u00fc I\u015e\u0130D kar\u015f\u0131t\u0131 eylemde vuruldu!"},"content":{"rendered":"<p><img loading=\"lazy\" decoding=\"async\" class=\"alignleft size-medium wp-image-196779\" src=\"http:\/\/www.nationalturk.com\/tr\/wp-content\/uploads\/2014\/10\/tarsus_olaylar-280x185.jpg\" alt=\"Tarsus\" width=\"280\" height=\"185\" title=\"\" srcset=\"https:\/\/www.nationalturk.com\/tr\/wp-content\/uploads\/2014\/10\/tarsus_olaylar-280x185.jpg 280w, https:\/\/www.nationalturk.com\/tr\/wp-content\/uploads\/2014\/10\/tarsus_olaylar-180x120.jpg 180w, https:\/\/www.nationalturk.com\/tr\/wp-content\/uploads\/2014\/10\/tarsus_olaylar-542x360.jpg 542w, https:\/\/www.nationalturk.com\/tr\/wp-content\/uploads\/2014\/10\/tarsus_olaylar.jpg 1200w\" sizes=\"auto, (max-width: 280px) 100vw, 280px\" \/><\/p>\n<h1>Mersin&#8217;in Tarsus il\u00e7esindeki I\u015e\u0130D kar\u015f\u0131t\u0131 eylemler bug\u00fcn de devam ederken Tarsus Emniyet M\u00fcd\u00fcr\u00fc Haydar \u00c7elik ayak bile\u011finden vuruldu.<\/h1>\n<p>Al\u0131nan bilgilere g\u00f6re Tarsus&#8217;da bug\u00fcn eylem yapan gruba polis ekipleri m\u00fcdahale etti. M\u00fcdahale s\u0131ras\u0131nda\u00a0olay yerinde bulunan Tarsus Emniyet M\u00fcd\u00fcr\u00fc\u00a0Haydar \u00c7elik&#8217;e kimli\u011fi belirlenemeyen bir ki\u015fi taraf\u0131ndan ate\u015f edildi. \u00c7elik, sol bile\u011fine isabet eden kur\u015funla yaraland\u0131.<\/p>\n<p>Haydar \u00c7elik olay yerinde yap\u0131lan ilk m\u00fcdahalenin ard\u0131ndan hastaneye kald\u0131r\u0131ld\u0131.<\/p>\n<!-- Error, Advert is not available at this time due to schedule\/geolocation restrictions! -->\n","protected":false},"excerpt":{"rendered":"<p>Mersin&#8217;in Tarsus il\u00e7esindeki I\u015e\u0130D kar\u015f\u0131t\u0131 eylemler bug\u00fcn de devam ederken Tarsus Emniyet M\u00fcd\u00fcr\u00fc Haydar \u00c7elik ayak bile\u011finden vuruldu.<\/p>\n","protected":false},"author":4,"featured_media":196780,"comment_status":"open","ping_status":"open","sticky":false,"template":"","format":"standard","meta":{"_acf_changed":false,"footnotes":""},"categories":[6155,5005,6202,349,6805],"tags":[3131,35678,35677],"class_list":["post-196778","post","type-post","status-publish","format-standard","has-post-thumbnail","hentry","category-gundem","category-manset","category-politika","category-son-dakika","category-turkiye","tag-mersin","tag-mersin-tarsus","tag-tarsus"],"acf":[],"_links":{"self":[{"href":"https:\/\/www.nationalturk.com\/tr\/wp-json\/wp\/v2\/posts\/196778","targetHints":{"allow":["GET"]}}],"collection":[{"href":"https:\/\/www.nationalturk.com\/tr\/wp-json\/wp\/v2\/posts"}],"about":[{"href":"https:\/\/www.nationalturk.com\/tr\/wp-json\/wp\/v2\/types\/post"}],"author":[{"embeddable":true,"href":"https:\/\/www.nationalturk.com\/tr\/wp-json\/wp\/v2\/users\/4"}],"replies":[{"embeddable":true,"href":"https:\/\/www.nationalturk.com\/tr\/wp-json\/wp\/v2\/comments?post=196778"}],"version-history":[{"count":0,"href":"https:\/\/www.nationalturk.com\/tr\/wp-json\/wp\/v2\/posts\/196778\/revisions"}],"wp:featuredmedia":[{"embeddable":true,"href":"https:\/\/www.nationalturk.com\/tr\/wp-json\/wp\/v2\/media\/196780"}],"wp:attachment":[{"href":"https:\/\/www.nationalturk.com\/tr\/wp-json\/wp\/v2\/media?parent=196778"}],"wp:term":[{"taxonomy":"category","embeddable":true,"href":"https:\/\/www.nationalturk.com\/tr\/wp-json\/wp\/v2\/categories?post=196778"},{"taxonomy":"post_tag","embeddable":true,"href":"https:\/\/www.nationalturk.com\/tr\/wp-json\/wp\/v2\/tags?post=196778"}],"curies":[{"name":"wp","href":"https:\/\/api.w.org\/{rel}","templated":true}]}}