{"id":196873,"date":"2014-10-10T09:20:09","date_gmt":"2014-10-10T06:20:09","guid":{"rendered":"http:\/\/www.nationalturk.com\/?p=196873"},"modified":"2014-10-10T09:20:09","modified_gmt":"2014-10-10T06:20:09","slug":"etiler-polis-okulu-resmen-kapatildi-tabi-ki-avm-ve-rezidans-196873","status":"publish","type":"post","link":"https:\/\/www.nationalturk.com\/tr\/etiler-polis-okulu-resmen-kapatildi-tabi-ki-avm-ve-rezidans-196873\/","title":{"rendered":"Etiler Polis Okulu resmen kapat\u0131ld\u0131! Tabi ki AVM ve rezidans"},"content":{"rendered":"<p><img loading=\"lazy\" decoding=\"async\" class=\"alignleft size-medium wp-image-196875\" src=\"http:\/\/www.nationalturk.com\/tr\/wp-content\/uploads\/2014\/10\/etiler_polis_okulu-280x153.jpg\" alt=\"Etiler Polis Okulu\" width=\"280\" height=\"153\" title=\"\" srcset=\"https:\/\/www.nationalturk.com\/tr\/wp-content\/uploads\/2014\/10\/etiler_polis_okulu-280x153.jpg 280w, https:\/\/www.nationalturk.com\/tr\/wp-content\/uploads\/2014\/10\/etiler_polis_okulu.jpg 466w\" sizes=\"auto, (max-width: 280px) 100vw, 280px\" \/><\/p>\n<h1>Cumhurba\u015fkan\u0131 Erdo\u011fan&#8217;\u0131n onay\u0131n\u0131n ard\u0131ndan \u0130stanbul Etiler&#8217;deki Polis Meslek Y\u00fcksek Okulu resmen kapat\u0131ld\u0131. Okulun yerine AVM ve rezidans yap\u0131lacak. Okul, 25 Aral\u0131k yolsuzluk operasyonunda da g\u00fcndeme gelmi\u015fti.<\/h1>\n<p>R\u00fc\u015fvet ve yolsuzluk soru\u015fturmas\u0131n\u0131n 25 Aral\u0131k aya\u011f\u0131nda g\u00fcndeme gelen Etiler Polis Okulu, Cumhurba\u015fkan\u0131 Tayyip Erdo\u011fan\u2019\u0131n onay\u0131 ve karar\u0131n Resmi Gazete\u2019de yay\u0131mlanmas\u0131yla resmen kapat\u0131ld\u0131. \u0130stanbul\u2019un en g\u00f6zde yerleri aras\u0131nda bulunan okul arazisine AVM ve rezidans yap\u0131lacak.<\/p>\n<p>25 Aral\u0131k s\u00fcrecinde, arazinin Suudi i\u015fadam\u0131 Yasin el Kad\u0131 ile Bilal Erdo\u011fan\u2019\u0131n ortak oldu\u011fu \u015firkete ihalesiz verildi\u011fi iddia edilmi\u015fti. Araziye yap\u0131lacak yat\u0131r\u0131m\u0131 bizzat d\u00f6nemin ba\u015fbakan\u0131 Erdo\u011fan\u2019\u0131n takip etti\u011fi, Bilal Erdo\u011fan\u2019\u0131n \u015firketi i\u00e7in y\u00fczde 10 komisyon istedi\u011fi, ortaklar\u0131n ise bu duruma isyan etti\u011fi \u00f6ne s\u00fcr\u00fclm\u00fc\u015ft\u00fc.<\/p>\n<p>Emniyet te\u015fkilat\u0131na ait arazi ile ilgili internete baz\u0131 ses kay\u0131tlar\u0131 d\u00fc\u015fm\u00fc\u015ft\u00fc. Kay\u0131tlarda Etiler Polis Okulu\u2019nda Yasin el-Kad\u0131 ve Bilal Erdo\u011fan\u2019\u0131n ortak oldu\u011fu yat\u0131r\u0131m\u0131 bizzat d\u00f6nemin ba\u015fbakan\u0131 Recep Tayyip Erdo\u011fan\u2019\u0131n takip etti\u011fi iddia ediliyordu.<\/p>\n<p>Zaman gazetesinin haberine g\u00f6re EGM 2012\u2019de Do\u011fu ve G\u00fcneydo\u011fu\u2019daki binalar\u0131n\u0131 kendi \u00f6zkaynaklar\u0131 ile yenileme karar\u0131 ald\u0131. \u00d6ncelikli olarak \u0130stanbul, Ankara ve farkl\u0131 \u015fehirlerdeki de\u011ferli arazileri ihale usul\u00fcyle sat\u0131\u015fa \u00e7\u0131karma karar\u0131 ald\u0131. \u0130stanbul Sar\u0131yer\u2019de bulunan Adile Sadullah Mermerci Polis Meslek Y\u00fcksekokulu\u2019nun arazisinin sat\u0131\u015fa \u00e7\u0131kar\u0131lmas\u0131 planland\u0131. Bu arazi i\u00e7in de 500 milyon lira gibi bir bedel belirlendi. Emniyet sat\u0131\u015f\u0131 ger\u00e7ekle\u015ftirmeden devreye h\u00fck\u00fcmet girdi. \u0130hale ile sat\u0131\u015fa onay verilmedi. Ancak sat\u0131\u015f\u0131n neden ger\u00e7ekle\u015fmedi\u011fi ise 17-25 Aral\u0131k yolsuzluk ve r\u00fc\u015fvet soru\u015fturmas\u0131 sonras\u0131nda kamuoyuna yans\u0131yan bilgilerde ortaya \u00e7\u0131kt\u0131. \u2018Bosphorus 360 dosyas\u0131\u2019 ad\u0131 verilen kay\u0131tlarda Suudi i\u015fadam\u0131 Yasin el-Kad\u0131 ile Bilal Erdo\u011fan\u2019\u0131n ortak oldu\u011fu yat\u0131r\u0131m\u0131 da bizzat d\u00f6nemin ba\u015fbakan\u0131 Erdo\u011fan\u2019\u0131n takip etti\u011fi \u00f6ne s\u00fcr\u00fcld\u00fc. Erdo\u011fan\u2019\u0131n o\u011flu Bilal Erdo\u011fan\u2019\u0131n \u015firketi i\u00e7in de y\u00fczde 10 komisyon istedi\u011fi ortaklar\u0131n ise bu duruma isyan etti\u011fi iddia edildi.<\/p>\n<p>\u0130ddialara g\u00f6re; Erdo\u011fan, arazinin Bosphorus\u2019a sat\u0131\u015f\u0131nda \u0130BB Ba\u015fkan\u0131 Kadir Topba\u015f\u2019a da emir verdi\u011fi belirtildi. Buna ili\u015fkin teknik takibe tak\u0131ld\u0131\u011f\u0131 \u00f6ne s\u00fcr\u00fclen telefon g\u00f6r\u00fc\u015fmelerinde ise Erdo\u011fan\u2019\u0131n, o\u011flunun gizli orta\u011f\u0131 oldu\u011fu iddia edilen Usame Kutub\u2019a \u201cBen sizin orayla ilgili Kadir Bey\u2019le g\u00f6r\u00fc\u015ft\u00fcm. \u2018Bizzat ben takip edece\u011fim\u2019 dedi.\u201d ifadeleri yer ald\u0131. Fezlekedeki iddialara g\u00f6re kas\u0131m ay\u0131 ba\u015f\u0131nda Bosphorus \u015firketinin y\u00f6neticisi Abd\u00fclkerim \u00c7ay, Bilal Erdo\u011fan ve \u015eenol Kazanc\u0131 aras\u0131nda g\u00f6r\u00fc\u015fme ger\u00e7ekle\u015fti. Kazanc\u0131, konuyu Ba\u015fbakan Erdo\u011fan\u2019a iletti. Erdo\u011fan da o zaman ba\u015fbakanl\u0131k m\u00fcste\u015far\u0131 olan \u0130\u00e7i\u015fleri Bakan\u0131 Efkan Ala\u2019ya g\u00f6rev verdi. Kazanc\u0131, \u201cBen Efkan Ala\u2019yla konu\u015fay\u0131m m\u0131?\u201d diye \u00fcsteleyince, Erdo\u011fan Kazanc\u0131\u2019ya, \u201cGerek yok, konu\u015ftuk konu\u015ftuk\u201d diyor. Yap\u0131lan g\u00f6r\u00fc\u015fmelerde emniyet arazisinin \u00f6nce Hazine\u2019ye sonra K\u0130PTA\u015e\u2019a devredilmesi, ard\u0131ndan da s\u00f6z konusu \u015firketlere verilmesi planlan\u0131yor.<\/p>\n<!-- Error, Advert is not available at this time due to schedule\/geolocation restrictions! -->\n","protected":false},"excerpt":{"rendered":"<p>Cumhurba\u015fkan\u0131 Erdo\u011fan&#8217;\u0131n onay\u0131n\u0131n ard\u0131ndan \u0130stanbul Etiler&#8217;deki Polis Meslek Y\u00fcksek Okulu resmen kapat\u0131ld\u0131. Okulun yerine AVM ve rezidans yap\u0131lacak. Okul, 25 Aral\u0131k yolsuzluk operasyonunda da g\u00fcndeme gelmi\u015fti.<\/p>\n","protected":false},"author":4,"featured_media":196877,"comment_status":"open","ping_status":"open","sticky":false,"template":"","format":"standard","meta":{"_acf_changed":false,"footnotes":""},"categories":[6155,5005,6202,6805],"tags":[149907,146463,43404,1873,1710,49633,174906],"class_list":["post-196873","post","type-post","status-publish","format-standard","has-post-thumbnail","hentry","category-gundem","category-manset","category-politika","category-turkiye","tag-abdulkerim-cay","tag-bilal-erdogan","tag-efkan-ala","tag-emniyet-genel-mudurlugu","tag-kadir-topbas","tag-kiptas","tag-senol-kazanci"],"acf":[],"_links":{"self":[{"href":"https:\/\/www.nationalturk.com\/tr\/wp-json\/wp\/v2\/posts\/196873","targetHints":{"allow":["GET"]}}],"collection":[{"href":"https:\/\/www.nationalturk.com\/tr\/wp-json\/wp\/v2\/posts"}],"about":[{"href":"https:\/\/www.nationalturk.com\/tr\/wp-json\/wp\/v2\/types\/post"}],"author":[{"embeddable":true,"href":"https:\/\/www.nationalturk.com\/tr\/wp-json\/wp\/v2\/users\/4"}],"replies":[{"embeddable":true,"href":"https:\/\/www.nationalturk.com\/tr\/wp-json\/wp\/v2\/comments?post=196873"}],"version-history":[{"count":0,"href":"https:\/\/www.nationalturk.com\/tr\/wp-json\/wp\/v2\/posts\/196873\/revisions"}],"wp:featuredmedia":[{"embeddable":true,"href":"https:\/\/www.nationalturk.com\/tr\/wp-json\/wp\/v2\/media\/196877"}],"wp:attachment":[{"href":"https:\/\/www.nationalturk.com\/tr\/wp-json\/wp\/v2\/media?parent=196873"}],"wp:term":[{"taxonomy":"category","embeddable":true,"href":"https:\/\/www.nationalturk.com\/tr\/wp-json\/wp\/v2\/categories?post=196873"},{"taxonomy":"post_tag","embeddable":true,"href":"https:\/\/www.nationalturk.com\/tr\/wp-json\/wp\/v2\/tags?post=196873"}],"curies":[{"name":"wp","href":"https:\/\/api.w.org\/{rel}","templated":true}]}}