{"id":197047,"date":"2014-10-13T09:39:54","date_gmt":"2014-10-13T06:39:54","guid":{"rendered":"http:\/\/www.nationalturk.com\/?p=197047"},"modified":"2014-10-13T09:39:54","modified_gmt":"2014-10-13T06:39:54","slug":"polisleri-tasiyan-otobus-kaza-yapti-197047","status":"publish","type":"post","link":"https:\/\/www.nationalturk.com\/tr\/polisleri-tasiyan-otobus-kaza-yapti-197047\/","title":{"rendered":"Polisleri ta\u015f\u0131yan otob\u00fcs kaza yapt\u0131: 3 \u015fehit, 33 yaral\u0131"},"content":{"rendered":"<h1><a href=\"http:\/\/www.nationalturk.com\/tr\/wp-content\/uploads\/2014\/10\/sivas-kaza-polis-sehit.jpg\"><img loading=\"lazy\" decoding=\"async\" class=\"aligncenter size-full wp-image-197048\" src=\"http:\/\/www.nationalturk.com\/tr\/wp-content\/uploads\/2014\/10\/sivas-kaza-polis-sehit.jpg\" alt=\"sivas-kaza-polis-sehit\" width=\"610\" height=\"385\" title=\"\" srcset=\"https:\/\/www.nationalturk.com\/tr\/wp-content\/uploads\/2014\/10\/sivas-kaza-polis-sehit.jpg 610w, https:\/\/www.nationalturk.com\/tr\/wp-content\/uploads\/2014\/10\/sivas-kaza-polis-sehit-280x176.jpg 280w, https:\/\/www.nationalturk.com\/tr\/wp-content\/uploads\/2014\/10\/sivas-kaza-polis-sehit-570x360.jpg 570w\" sizes=\"auto, (max-width: 610px) 100vw, 610px\" \/><\/a>Cumhurba\u015fkan\u0131 Recep Tayyip Erdo\u011fan&#8217;\u0131n G\u00fcm\u00fc\u015fhane gezisinde g\u00f6revli polisleri ta\u015f\u0131yan otob\u00fcs, Sivas&#8217;\u0131n \u0130mranl\u0131 il\u00e7esi K\u0131z\u0131lda\u011f mevkiinde devrildi. Kazada 3 polis \u015fehit oldu.<\/h1>\n<p>Erdo\u011fan&#8217;\u0131n G\u00fcm\u00fc\u015fhane&#8217;deki mitinginde g\u00f6rev ald\u0131ktan sonra Malatya&#8217;ya d\u00f6nmek \u00fczere yola \u00e7\u0131kan polisleri ta\u015f\u0131yan 3 otob\u00fcsten biri, Sivas&#8217;\u0131n \u0130mranl\u0131 il\u00e7esinde devrildi. 3 polisin \u015fehit oldu\u011fu kazada, 33 polisin yaraland\u0131\u011f\u0131 belirtildi.<\/p>\n<p>Malatya Valisi S\u00fcleyman Kam\u00e7\u0131, yapt\u0131\u011f\u0131 a\u00e7\u0131klamada, kazada \u015fehit olan 3&#8217;\u00fcnc\u00fc polisin de kimli\u011finin belirlendi\u011fini ifade ederek, &#8220;\u015eehidimizin ad\u0131 Fatih \u00c7evik. 1983 do\u011fumlu \u00c7evik, Mersin n\u00fcfusuna kay\u0131tl\u0131, bir \u00f6\u011fretmenle evli, 2,5 ayl\u0131k \u00e7ocu\u011fu var&#8221; dedi.<\/p>\n<p>Kam\u00e7\u0131, kazada yaralananlar\u0131n Sivas&#8217;taki hastanelerde tedavisinin s\u00fcrd\u00fc\u011f\u00fcn\u00fc kaydetti. Kazada, Fatih \u00c7evik&#8217;in yan\u0131 s\u0131ra Emrah Horoz (31) (Elaz\u0131\u011f Sivriceli-Adapazar\u0131 n\u00fcfusuna kay\u0131tl\u0131) ve Be\u015fir Kurt&#8217;un (40) (Malatya Hekimhan n\u00fcfusuna kay\u0131tl\u0131) \u015fehit oldu\u011fu a\u00e7\u0131klanm\u0131\u015ft\u0131.<\/p>\n<p>Kazada yaralanan ve \u0130mranl\u0131 \u0130l\u00e7e Hastanesindeki ilk tedavisinin ard\u0131ndan Sivas&#8217;a sevk edilen polis memurlar\u0131ndan Yusuf Ayd\u0131n, bas\u0131n mensuplar\u0131n\u0131n sorusu \u00fczerine, &#8220;Ara\u00e7, viraja girerken herhalde biraz s\u00fcratliydi. Yorgunduk, uyumaya \u00e7al\u0131\u015f\u0131yordum. O esnada viraja girdi, viraja girerken araba salland\u0131. Ondan sonras\u0131n\u0131 hat\u0131rlam\u0131yorum&#8221; diye konu\u015ftu.<\/p>\n<!-- Error, Advert is not available at this time due to schedule\/geolocation restrictions! -->\n","protected":false},"excerpt":{"rendered":"<p>Cumhurba\u015fkan\u0131 Recep Tayyip Erdo\u011fan&#8217;\u0131n G\u00fcm\u00fc\u015fhane gezisinde g\u00f6revli polisleri ta\u015f\u0131yan otob\u00fcs, Sivas&#8217;\u0131n \u0130mranl\u0131 il\u00e7esi K\u0131z\u0131lda\u011f mevkiinde devrildi. Kazada 3 polis \u015fehit oldu.<\/p>\n","protected":false},"author":3,"featured_media":197048,"comment_status":"open","ping_status":"open","sticky":false,"template":"","format":"standard","meta":{"_acf_changed":false,"footnotes":""},"categories":[6155,5005,6805],"tags":[31896,104139,787,987,37984,37985],"class_list":["post-197047","post","type-post","status-publish","format-standard","has-post-thumbnail","hentry","category-gundem","category-manset","category-turkiye","tag-cumhurbaskani","tag-malatya-valisi","tag-recep-tayyip-erdogan","tag-sivas","tag-sivas-kaza","tag-sivas-trafik-kazasi"],"acf":[],"_links":{"self":[{"href":"https:\/\/www.nationalturk.com\/tr\/wp-json\/wp\/v2\/posts\/197047","targetHints":{"allow":["GET"]}}],"collection":[{"href":"https:\/\/www.nationalturk.com\/tr\/wp-json\/wp\/v2\/posts"}],"about":[{"href":"https:\/\/www.nationalturk.com\/tr\/wp-json\/wp\/v2\/types\/post"}],"author":[{"embeddable":true,"href":"https:\/\/www.nationalturk.com\/tr\/wp-json\/wp\/v2\/users\/3"}],"replies":[{"embeddable":true,"href":"https:\/\/www.nationalturk.com\/tr\/wp-json\/wp\/v2\/comments?post=197047"}],"version-history":[{"count":0,"href":"https:\/\/www.nationalturk.com\/tr\/wp-json\/wp\/v2\/posts\/197047\/revisions"}],"wp:featuredmedia":[{"embeddable":true,"href":"https:\/\/www.nationalturk.com\/tr\/wp-json\/wp\/v2\/media\/197048"}],"wp:attachment":[{"href":"https:\/\/www.nationalturk.com\/tr\/wp-json\/wp\/v2\/media?parent=197047"}],"wp:term":[{"taxonomy":"category","embeddable":true,"href":"https:\/\/www.nationalturk.com\/tr\/wp-json\/wp\/v2\/categories?post=197047"},{"taxonomy":"post_tag","embeddable":true,"href":"https:\/\/www.nationalturk.com\/tr\/wp-json\/wp\/v2\/tags?post=197047"}],"curies":[{"name":"wp","href":"https:\/\/api.w.org\/{rel}","templated":true}]}}