{"id":197108,"date":"2014-10-13T17:47:30","date_gmt":"2014-10-13T14:47:30","guid":{"rendered":"http:\/\/www.nationalturk.com\/?p=197108"},"modified":"2014-10-13T17:47:30","modified_gmt":"2014-10-13T14:47:30","slug":"torbalida-korkutan-deprem-197108","status":"publish","type":"post","link":"https:\/\/www.nationalturk.com\/tr\/torbalida-korkutan-deprem-197108\/","title":{"rendered":"Torbal\u0131&#8217;da korkutan deprem"},"content":{"rendered":"<p><img loading=\"lazy\" decoding=\"async\" class=\"alignleft size-medium wp-image-197109\" src=\"http:\/\/www.nationalturk.com\/tr\/wp-content\/uploads\/2014\/10\/deprem_richter-220x220.jpg\" alt=\"\" width=\"220\" height=\"220\" title=\"\" srcset=\"https:\/\/www.nationalturk.com\/tr\/wp-content\/uploads\/2014\/10\/deprem_richter-220x220.jpg 220w, https:\/\/www.nationalturk.com\/tr\/wp-content\/uploads\/2014\/10\/deprem_richter.jpg 230w\" sizes=\"auto, (max-width: 220px) 100vw, 220px\" \/><\/p>\n<h1>\u0130zmir&#8217;in Torbal\u0131 il\u00e7esinde 3,7 b\u00fcy\u00fckl\u00fc\u011f\u00fcnde deprem meydana geldi. Hasara yol a\u00e7mayan deprem \u0130zmir ve \u00e7evresinde k\u0131sa s\u00fcreli panik yaratt\u0131.<\/h1>\n<p>Ba\u015fbakanl\u0131k Afet ve Acil Durum Y\u00f6netimi Ba\u015fkanl\u0131\u011f\u0131 (AFAD) Deprem Dairesi Ba\u015fkanl\u0131\u011f\u0131n\u0131n tespitine g\u00f6re, saat saat 16.18&#8217;de merkez \u00fcss\u00fc Torbal\u0131 olan 3,7 b\u00fcy\u00fckl\u00fc\u011f\u00fcnde sars\u0131nt\u0131 kaydedildi.<\/p>\n<p>Depremin herhangi bir hasara yol a\u00e7mad\u0131\u011f\u0131 belirtildi.<\/p>\n<!-- Error, Advert is not available at this time due to schedule\/geolocation restrictions! -->\n","protected":false},"excerpt":{"rendered":"<p>\u0130zmir&#8217;in Torbal\u0131 il\u00e7esinde 3,7 b\u00fcy\u00fckl\u00fc\u011f\u00fcnde deprem meydana geldi. Hasara yol a\u00e7mayan deprem \u0130zmir ve \u00e7evresinde k\u0131sa s\u00fcreli panik yaratt\u0131.<\/p>\n","protected":false},"author":4,"featured_media":197110,"comment_status":"open","ping_status":"open","sticky":false,"template":"","format":"standard","meta":{"_acf_changed":false,"footnotes":""},"categories":[6155,349,6805],"tags":[87053,24841],"class_list":["post-197108","post","type-post","status-publish","format-standard","has-post-thumbnail","hentry","category-gundem","category-son-dakika","category-turkiye","tag-izmirde-deprem","tag-torbali"],"acf":[],"_links":{"self":[{"href":"https:\/\/www.nationalturk.com\/tr\/wp-json\/wp\/v2\/posts\/197108","targetHints":{"allow":["GET"]}}],"collection":[{"href":"https:\/\/www.nationalturk.com\/tr\/wp-json\/wp\/v2\/posts"}],"about":[{"href":"https:\/\/www.nationalturk.com\/tr\/wp-json\/wp\/v2\/types\/post"}],"author":[{"embeddable":true,"href":"https:\/\/www.nationalturk.com\/tr\/wp-json\/wp\/v2\/users\/4"}],"replies":[{"embeddable":true,"href":"https:\/\/www.nationalturk.com\/tr\/wp-json\/wp\/v2\/comments?post=197108"}],"version-history":[{"count":0,"href":"https:\/\/www.nationalturk.com\/tr\/wp-json\/wp\/v2\/posts\/197108\/revisions"}],"wp:featuredmedia":[{"embeddable":true,"href":"https:\/\/www.nationalturk.com\/tr\/wp-json\/wp\/v2\/media\/197110"}],"wp:attachment":[{"href":"https:\/\/www.nationalturk.com\/tr\/wp-json\/wp\/v2\/media?parent=197108"}],"wp:term":[{"taxonomy":"category","embeddable":true,"href":"https:\/\/www.nationalturk.com\/tr\/wp-json\/wp\/v2\/categories?post=197108"},{"taxonomy":"post_tag","embeddable":true,"href":"https:\/\/www.nationalturk.com\/tr\/wp-json\/wp\/v2\/tags?post=197108"}],"curies":[{"name":"wp","href":"https:\/\/api.w.org\/{rel}","templated":true}]}}