{"id":197231,"date":"2014-10-15T12:11:52","date_gmt":"2014-10-15T09:11:52","guid":{"rendered":"http:\/\/www.nationalturk.com\/?p=197231"},"modified":"2014-10-15T12:11:52","modified_gmt":"2014-10-15T09:11:52","slug":"nusaybinde-dehset-7-yasindaki-cocuga-7-bicak-darbesi-197231","status":"publish","type":"post","link":"https:\/\/www.nationalturk.com\/tr\/nusaybinde-dehset-7-yasindaki-cocuga-7-bicak-darbesi-197231\/","title":{"rendered":"Nusaybin&#8217;de deh\u015fet! 7 ya\u015f\u0131ndaki \u00e7ocu\u011fa 7 b\u0131\u00e7ak darbesi!"},"content":{"rendered":"<h1><img loading=\"lazy\" decoding=\"async\" class=\"alignleft size-medium wp-image-197232\" src=\"http:\/\/www.nationalturk.com\/tr\/wp-content\/uploads\/2014\/10\/bicak_cinayett-280x186.jpeg\" alt=\"\" width=\"280\" height=\"186\" title=\"\" srcset=\"https:\/\/www.nationalturk.com\/tr\/wp-content\/uploads\/2014\/10\/bicak_cinayett-280x186.jpeg 280w, https:\/\/www.nationalturk.com\/tr\/wp-content\/uploads\/2014\/10\/bicak_cinayett-180x120.jpeg 180w, https:\/\/www.nationalturk.com\/tr\/wp-content\/uploads\/2014\/10\/bicak_cinayett.jpeg 300w\" sizes=\"auto, (max-width: 280px) 100vw, 280px\" \/><\/h1>\n<h1>Mardin&#8217;in Nusaybin il\u00e7esinde 7 ya\u015f\u0131ndaki bir \u00e7ocuk, 7 yerinden b\u0131\u00e7aklanm\u0131\u015f \u015fekilde yol kenar\u0131nda bulundu. Olayla ilgili soru\u015fturma s\u00fcr\u00fcyor.<\/h1>\n<p>Edinilen bilgelere g\u00f6re\u00a0Mardin&#8217;in Nusaybin il\u00e7esi 27 May\u0131s Caddesi&#8217;nde bir s\u00fcr\u00fcc\u00fc yol kenar\u0131nda kanlar i\u00e7erisinde yerde yatan bir \u00e7ocuk g\u00f6rd\u00fc. S\u00fcr\u00fcc\u00fcn\u00fcn Nusaybin Devlet Hastanesi&#8217;ne kald\u0131rd\u0131\u011f\u0131 \u00e7ocu\u011fun 7 ya\u015f\u0131ndaki M.A oldu\u011fu ve s\u0131rt\u0131n\u0131n 7 yerinden b\u0131\u00e7akland\u0131\u011f\u0131 belirlendi. Olayla ilgili soru\u015fturma ba\u015flat\u0131ld\u0131.<\/p>\n<!-- Error, Advert is not available at this time due to schedule\/geolocation restrictions! -->\n","protected":false},"excerpt":{"rendered":"<p>Mardin&#8217;in Nusaybin il\u00e7esinde 7 ya\u015f\u0131ndaki bir \u00e7ocuk, 7 yerinden b\u0131\u00e7aklanm\u0131\u015f \u015fekilde yol kenar\u0131nda bulundu. Olayla ilgili soru\u015fturma s\u00fcr\u00fcyor.<\/p>\n","protected":false},"author":4,"featured_media":197233,"comment_status":"open","ping_status":"open","sticky":false,"template":"","format":"standard","meta":{"_acf_changed":false,"footnotes":""},"categories":[6155,349,6805],"tags":[2204,35103,35099],"class_list":["post-197231","post","type-post","status-publish","format-standard","has-post-thumbnail","hentry","category-gundem","category-son-dakika","category-turkiye","tag-mardin","tag-mardin-nusaybin","tag-nusaybin"],"acf":[],"_links":{"self":[{"href":"https:\/\/www.nationalturk.com\/tr\/wp-json\/wp\/v2\/posts\/197231","targetHints":{"allow":["GET"]}}],"collection":[{"href":"https:\/\/www.nationalturk.com\/tr\/wp-json\/wp\/v2\/posts"}],"about":[{"href":"https:\/\/www.nationalturk.com\/tr\/wp-json\/wp\/v2\/types\/post"}],"author":[{"embeddable":true,"href":"https:\/\/www.nationalturk.com\/tr\/wp-json\/wp\/v2\/users\/4"}],"replies":[{"embeddable":true,"href":"https:\/\/www.nationalturk.com\/tr\/wp-json\/wp\/v2\/comments?post=197231"}],"version-history":[{"count":0,"href":"https:\/\/www.nationalturk.com\/tr\/wp-json\/wp\/v2\/posts\/197231\/revisions"}],"wp:featuredmedia":[{"embeddable":true,"href":"https:\/\/www.nationalturk.com\/tr\/wp-json\/wp\/v2\/media\/197233"}],"wp:attachment":[{"href":"https:\/\/www.nationalturk.com\/tr\/wp-json\/wp\/v2\/media?parent=197231"}],"wp:term":[{"taxonomy":"category","embeddable":true,"href":"https:\/\/www.nationalturk.com\/tr\/wp-json\/wp\/v2\/categories?post=197231"},{"taxonomy":"post_tag","embeddable":true,"href":"https:\/\/www.nationalturk.com\/tr\/wp-json\/wp\/v2\/tags?post=197231"}],"curies":[{"name":"wp","href":"https:\/\/api.w.org\/{rel}","templated":true}]}}