{"id":197251,"date":"2014-10-15T15:22:29","date_gmt":"2014-10-15T12:22:29","guid":{"rendered":"http:\/\/www.nationalturk.com\/?p=197251"},"modified":"2014-10-15T15:22:29","modified_gmt":"2014-10-15T12:22:29","slug":"chpli-nazliaka-can-guvenligim-yok-evimin-etrafinda-dolasiyorlar-197251","status":"publish","type":"post","link":"https:\/\/www.nationalturk.com\/tr\/chpli-nazliaka-can-guvenligim-yok-evimin-etrafinda-dolasiyorlar-197251\/","title":{"rendered":"CHP&#8217;li Nazl\u0131aka: Can g\u00fcvenli\u011fim yok, evimin etraf\u0131nda dola\u015f\u0131yorlar"},"content":{"rendered":"<p><img loading=\"lazy\" decoding=\"async\" class=\"alignnone size-large wp-image-197252\" src=\"http:\/\/www.nationalturk.com\/tr\/wp-content\/uploads\/2014\/10\/aylin_nazliaka_basintoplantisi_923472-531x360.jpg\" alt=\"Aylin Nazl\u0131aka\" width=\"610\" height=\"390\" title=\"\"><\/p>\n<h1>Ankara B\u00fcy\u00fck\u015fehir Belediye Ba\u015fkan\u0131 Melih G\u00f6k\u00e7ek&#8217;le su polemi\u011fine giren CHP Ankara Milletvekili Aylin Nazl\u0131aka, evinin soka\u011f\u0131nda tuhaf, de\u011fi\u015fik insanlar\u0131n dola\u015ft\u0131\u011f\u0131n\u0131 iddia ederek can g\u00fcvenli\u011finin olmad\u0131\u011f\u0131n\u0131 s\u00f6yledi.<\/h1>\n<p>TBMM&#8217;de bas\u0131n toplant\u0131s\u0131 d\u00fczenleyen Aylin Nazl\u0131aka, Ankara B\u00fcy\u00fck\u015fehir Belediye Ba\u015fkan\u0131 Melih G\u00f6k\u00e7ek ile su tart\u0131\u015fmas\u0131 ya\u015fad\u0131klar\u0131n\u0131 hat\u0131rlatarak bayram\u0131n ikinci g\u00fcn\u00fc evinin \u00f6n\u00fcnde eylem yap\u0131ld\u0131\u011f\u0131n\u0131, mahremiyetime y\u00f6nelik yap\u0131lm\u0131\u015f bu hareketi k\u0131nad\u0131\u011f\u0131 s\u00f6yledi.<\/p>\n<p>Melih G\u00f6k\u00e7ek\u2019in kendi televizyon kanal\u0131nda &#8220;Nazl\u0131aka\u2019n\u0131n ev adresini almak isteyenler benim \u00f6zel kalemime ba\u011flan\u0131p adresi alabilirler&#8221; dedi\u011fini \u00f6ne s\u00fcren Nazl\u0131aka, bunun ard\u0131ndan bayram\u0131n ikinci g\u00fcn\u00fc evinin \u00f6n\u00fcnde tuhaf bir eylem ger\u00e7ekle\u015fti\u011fini iddia etti. Evinin soka\u011f\u0131nda tuhaf, de\u011fi\u015fik insanlar\u0131n dola\u015ft\u0131\u011f\u0131n\u0131 \u00f6ne s\u00fcren Nazl\u0131aka, &#8220;Daha \u00f6nce hi\u00e7 g\u00f6rmedi\u011fim insanlar dola\u015f\u0131yor. Bunlar\u0131n her biri asl\u0131nda G\u00f6k\u00e7ek\u2019in beni hedef g\u00f6stermesiyle ilgili. Elbetteki eylem yapmak en do\u011fal hakt\u0131r. Ama \u015fiddet i\u00e7ermeyen bu eylemler ancak ve ancak kamusal alanlarda yap\u0131l\u0131r. Bir ki\u015finin \u00f6zel alan\u0131nda yap\u0131lmaz. Benim mahremiyetime y\u00f6nelik olarak yap\u0131lm\u0131\u015f olan bu hareketi k\u0131n\u0131yorum. Ailemin de benim de can g\u00fcvenli\u011fimin olmad\u0131\u011f\u0131n\u0131 beyan etmek istiyorum. Bunlar\u0131n her birinin yap\u0131lma nedeni susturmak, sindirmek, konu\u015fmam\u0131z\u0131 ve Ankara\u2019n\u0131n su sorunlar\u0131n\u0131 dile getirmemizi engellemek&#8221; dedi.<\/p>\n<p>Aylin Nazl\u0131aka&#8217;n\u0131n iddialar\u0131na Ankara B\u00fcy\u00fck\u015fehir Belediye Ba\u015fkan\u0131 Melih G\u00f6k\u00e7ek twitter hesab\u0131ndan cevap verdi. G\u00f6k\u00e7ek takip\u00e7ileriyle payla\u015ft\u0131\u011f\u0131 mesajlar\u0131nda, \u201cAylin Nazl\u0131aka bas\u0131n toplant\u0131s\u0131 yap\u0131p evimin etraf\u0131nda dola\u015f\u0131yorlar. Hayati tehlikem var demi\u015f. Numara yapma tepki sana kom\u015fular\u0131ndan geldi. Senin d\u0131rd\u0131r\u0131n gitmi\u015f v\u0131rv\u0131r\u0131n kalm\u0131\u015f&#8230; Kim seni tehdit edecek? Rahat\u0131na bak&#8230;Showu b\u0131rak&#8230; Tamam m\u0131 Aylin?\u201d dedi.<\/p>\n<!-- Error, Advert is not available at this time due to schedule\/geolocation restrictions! -->\n","protected":false},"excerpt":{"rendered":"<p>Ankara B\u00fcy\u00fck\u015fehir Belediye Ba\u015fkan\u0131 Melih G\u00f6k\u00e7ek&#8217;le su polemi\u011fine giren CHP Ankara Milletvekili Aylin Nazl\u0131aka, evinin soka\u011f\u0131nda tuhaf, de\u011fi\u015fik insanlar\u0131n dola\u015ft\u0131\u011f\u0131n\u0131 iddia ederek can g\u00fcvenli\u011finin olmad\u0131\u011f\u0131n\u0131 s\u00f6yledi.<\/p>\n","protected":false},"author":4,"featured_media":197253,"comment_status":"open","ping_status":"open","sticky":false,"template":"","format":"standard","meta":{"_acf_changed":false,"footnotes":""},"categories":[6155,5005,6202,6805],"tags":[57125,13480,64527],"class_list":["post-197251","post","type-post","status-publish","format-standard","has-post-thumbnail","hentry","category-gundem","category-manset","category-politika","category-turkiye","tag-aylin-nazliaka","tag-melih-gokcek","tag-melih-gokcek-twitter"],"acf":[],"_links":{"self":[{"href":"https:\/\/www.nationalturk.com\/tr\/wp-json\/wp\/v2\/posts\/197251","targetHints":{"allow":["GET"]}}],"collection":[{"href":"https:\/\/www.nationalturk.com\/tr\/wp-json\/wp\/v2\/posts"}],"about":[{"href":"https:\/\/www.nationalturk.com\/tr\/wp-json\/wp\/v2\/types\/post"}],"author":[{"embeddable":true,"href":"https:\/\/www.nationalturk.com\/tr\/wp-json\/wp\/v2\/users\/4"}],"replies":[{"embeddable":true,"href":"https:\/\/www.nationalturk.com\/tr\/wp-json\/wp\/v2\/comments?post=197251"}],"version-history":[{"count":0,"href":"https:\/\/www.nationalturk.com\/tr\/wp-json\/wp\/v2\/posts\/197251\/revisions"}],"wp:featuredmedia":[{"embeddable":true,"href":"https:\/\/www.nationalturk.com\/tr\/wp-json\/wp\/v2\/media\/197253"}],"wp:attachment":[{"href":"https:\/\/www.nationalturk.com\/tr\/wp-json\/wp\/v2\/media?parent=197251"}],"wp:term":[{"taxonomy":"category","embeddable":true,"href":"https:\/\/www.nationalturk.com\/tr\/wp-json\/wp\/v2\/categories?post=197251"},{"taxonomy":"post_tag","embeddable":true,"href":"https:\/\/www.nationalturk.com\/tr\/wp-json\/wp\/v2\/tags?post=197251"}],"curies":[{"name":"wp","href":"https:\/\/api.w.org\/{rel}","templated":true}]}}