{"id":197456,"date":"2014-10-17T19:16:46","date_gmt":"2014-10-17T16:16:46","guid":{"rendered":"http:\/\/www.nationalturk.com\/?p=197456"},"modified":"2022-08-26T11:29:37","modified_gmt":"2022-08-26T08:29:37","slug":"futbol-dunyasini-sallayacak-remix-yeter-yildirim-demiroren-yeter-197456","status":"publish","type":"post","link":"https:\/\/www.nationalturk.com\/tr\/futbol-dunyasini-sallayacak-remix-yeter-yildirim-demiroren-yeter-197456\/","title":{"rendered":"Futbol d\u00fcnyas\u0131n\u0131 sallayacak remix: Yeter Y\u0131ld\u0131r\u0131m Demir\u00f6ren Yeter"},"content":{"rendered":"<p><img loading=\"lazy\" decoding=\"async\" class=\"alignnone size-large wp-image-197457\" src=\"http:\/\/www.nationalturk.com\/tr\/wp-content\/uploads\/2014\/10\/demiroren_umraniye_guluyorr-540x360.jpg\" alt=\"Demir\u00f6ren\" width=\"610\" height=\"380\" title=\"\"><\/p>\n<h1>T\u00fcrkiye&#8217;de stadyumlar\u0131n vazge\u00e7ilmez tezah\u00fcrat\u0131 olan &#8220;Yeter Y\u0131ld\u0131r\u0131m Demir\u00f6ren Yeter&#8221; tezah\u00fcrat\u0131 remix olarak art\u0131k radyolarda bile \u00e7al\u0131n\u0131yor! Radyo 24 Spor&#8217;dan Okan Topalo\u011flu, &#8216;Yeter Y\u0131ld\u0131r\u0131m Demir\u00f6ren Yeter&#8217; tezah\u00fcrat\u0131n\u0131n aranjman\u0131 ile radyoyu sallad\u0131.<\/h1>\n<p>Be\u015fikta\u015f&#8217;tan sonra T\u00fcrkiye Futbol Federasyonu&#8217;nun ba\u015f\u0131na ge\u00e7en ve yapt\u0131\u011f\u0131 uygulamalarla futbolun dibe vurmas\u0131nda ba\u015frol oynayanlardan olan TFF Ba\u015fkan\u0131 Y\u0131ld\u0131r\u0131m Demir\u00f6ren&#8217;e tepkiler bitmiyor.<\/p>\n<p>\u0130n\u00f6n\u00fc Stad\u0131&#8217;nda ba\u015flayan, Demir\u00f6ren&#8217;in TFF Ba\u015fkan\u0131 olmas\u0131n\u0131n ard\u0131ndan neredeyse T\u00fcrkiye&#8217;nin t\u00fcm statlar\u0131na yay\u0131lan &#8220;Yeter Y\u0131ld\u0131r\u0131m Demir\u00f6ren Yeter&#8221; tezah\u00fcrat\u0131 G\u00fcrkan Topalo\u011flu ve Emre Bayer taraf\u0131ndan adeta ba\u015ftan yarat\u0131ld\u0131.<\/p>\n<p>Radyo 24 Spor&#8217;da Okan Topalo\u011flu ve B\u00fclent Y\u00fcksel&#8217;in birlikte sundu\u011fu &#8220;Prestij Futbol&#8221; program\u0131nda yay\u0131nlanan &#8220;Yeter Y\u0131ld\u0131r\u0131m Demir\u00f6ren Yeter&#8221; remixi yay\u0131nda b\u00fcy\u00fck ses getirdi.<\/p>\n<h2>\u0130\u015fte &#8220;Yeter Y\u0131ld\u0131r\u0131m Demir\u00f6ren Yeter&#8221; remixi;<\/h2>\n<p><iframe loading=\"lazy\" title=\"Yeter Y\u0131ld\u0131r\u0131m Demir\u00f6ren Yeter - Remix\" width=\"500\" height=\"281\" src=\"https:\/\/www.youtube.com\/embed\/P_VKbd_wy_w?feature=oembed\" frameborder=\"0\" allow=\"accelerometer; autoplay; clipboard-write; encrypted-media; gyroscope; picture-in-picture; web-share\" referrerpolicy=\"strict-origin-when-cross-origin\" allowfullscreen><\/iframe><\/p>\n<!-- Error, Advert is not available at this time due to schedule\/geolocation restrictions! -->\n","protected":false},"excerpt":{"rendered":"<p>T\u00fcrkiye&#8217;de stadyumlar\u0131n vazge\u00e7ilmez tezah\u00fcrat\u0131 olan &#8220;Yeter Y\u0131ld\u0131r\u0131m Demir\u00f6ren Yeter&#8221; tezah\u00fcrat\u0131 remix olarak art\u0131k radyolarda bile \u00e7al\u0131n\u0131yor! Radyo 24 Spor&#8217;dan Okan Topalo\u011flu, &#8216;Yeter Y\u0131ld\u0131r\u0131m Demir\u00f6ren Yeter&#8217; tezah\u00fcrat\u0131n\u0131n aranjman\u0131 ile radyoyu sallad\u0131.<\/p>\n","protected":false},"author":4,"featured_media":197459,"comment_status":"open","ping_status":"open","sticky":false,"template":"","format":"standard","meta":{"_acf_changed":false,"footnotes":""},"categories":[6774,6155,5005,6194],"tags":[175214,6477,6479,125039,2269,29102],"class_list":["post-197456","post","type-post","status-publish","format-standard","has-post-thumbnail","hentry","category-futbol","category-gundem","category-manset","category-spor","tag-okan-topaloglu","tag-tff","tag-turkiye-futbol-federasyonu","tag-yeter-yildirim-demiroren-yeter","tag-yildirim-demiroren","tag-yildirim-demiroren-video"],"acf":[],"_links":{"self":[{"href":"https:\/\/www.nationalturk.com\/tr\/wp-json\/wp\/v2\/posts\/197456","targetHints":{"allow":["GET"]}}],"collection":[{"href":"https:\/\/www.nationalturk.com\/tr\/wp-json\/wp\/v2\/posts"}],"about":[{"href":"https:\/\/www.nationalturk.com\/tr\/wp-json\/wp\/v2\/types\/post"}],"author":[{"embeddable":true,"href":"https:\/\/www.nationalturk.com\/tr\/wp-json\/wp\/v2\/users\/4"}],"replies":[{"embeddable":true,"href":"https:\/\/www.nationalturk.com\/tr\/wp-json\/wp\/v2\/comments?post=197456"}],"version-history":[{"count":0,"href":"https:\/\/www.nationalturk.com\/tr\/wp-json\/wp\/v2\/posts\/197456\/revisions"}],"wp:featuredmedia":[{"embeddable":true,"href":"https:\/\/www.nationalturk.com\/tr\/wp-json\/wp\/v2\/media\/197459"}],"wp:attachment":[{"href":"https:\/\/www.nationalturk.com\/tr\/wp-json\/wp\/v2\/media?parent=197456"}],"wp:term":[{"taxonomy":"category","embeddable":true,"href":"https:\/\/www.nationalturk.com\/tr\/wp-json\/wp\/v2\/categories?post=197456"},{"taxonomy":"post_tag","embeddable":true,"href":"https:\/\/www.nationalturk.com\/tr\/wp-json\/wp\/v2\/tags?post=197456"}],"curies":[{"name":"wp","href":"https:\/\/api.w.org\/{rel}","templated":true}]}}